{"id":4780,"date":"2020-05-28T13:58:40","date_gmt":"2020-05-28T11:58:40","guid":{"rendered":"https:\/\/www.tw24.net\/?p=4780"},"modified":"2020-05-28T13:58:40","modified_gmt":"2020-05-28T11:58:40","slug":"verfahren","status":"publish","type":"post","link":"https:\/\/www.tw24.net\/?p=4780","title":{"rendered":"Verfahren"},"content":{"rendered":"<p>Geriet der Internationale Strafgerichtshof (ICC) in Den Haag zuletzt wegen der Entscheidung seiner Chefankl\u00e4gerin Fatou Bensouda in die Kritik, auf blo\u00dfen Zuruf des PLO-Regimes Ermittlungen gegen Israel einzuleiten, die zu einem Urteil gegen Jerusalem wegen angeblicher Kriegsverbrechen f\u00fchren sollen, bereitet jetzt eine Nachfrage des Gerichtshofs der \u00bbPal\u00e4stinenserf\u00fchrung\u00ab Kopfzerbrechen.<\/p>\n<p>W\u00e4hrend viele Regierungen, darunter die in Berlin, eine Zust\u00e4ndigkeit des ICC f\u00fcr den \u00bbpal\u00e4stinensisch\u00ab-israelischen Konflikt bestreiten, weil \u00bbPal\u00e4stina\u00ab kein Staat ist und daher kein ICC-Verfahren anstrengen k\u00f6nne, hatte Fatou Bensouda diese Stellungnahmen ignoriert und als \u00bbHetze\u00ab denunziert. Es schien also gut zu laufen im <i>Lawfare<\/i> Ramallahs. Bis \u00bbPr\u00e4sident\u00ab Abu Mazen alle Vertr\u00e4ge mit Israel k\u00fcndigte.<\/p>\n<p>Denn nun hat der Internationale Gerichtshof in Ramallah nachgefragt, ob aus Sicht der \u00bbPal\u00e4stinenserf\u00fchrung\u00ab die Vertr\u00e4ge von Oslo noch g\u00fcltig seien oder nicht. Ramallah soll bis zum 10. Juni antworten, darauf Jerusalem dazu Stellung nehmen. In Bedr\u00e4ngnis bringt diese Frage aber vor allem die Clique um \u00bbPal\u00e4stinenserpr\u00e4sident\u00ab Abu Mazen, denn sie bringt sich mit jeder Antwort in weitere Schwierigkeiten.<\/p>\n<p>Best\u00e4tigt Ramallah den verbal verk\u00fcndeten Ausstieg aus Oslo, fehlt damit die rechtliche Grundlage f\u00fcr eine Anerkennung der PLO als \u00bbeinziger legitimer Repr\u00e4sentantin pal\u00e4stinensischer Interessen\u00ab. Gilt Oslo aus Sicht der PLO nicht mehr, kann sie vor dem ICC nicht einmal mehr einen Vertretungsanspruch f\u00fcr die \u00bbPal\u00e4stinenser\u00ab behaupten, aus dem Fatou Bensouda ihre weitere Zust\u00e4ndigkeit ableiten k\u00f6nnte.<\/p>\n<p>Sollten nach Ansicht Ramallahs dagegen die Vertr\u00e4ge von Oslo noch gelten, m\u00fc\u00dfte es damit nicht blo\u00df eingestehen, da\u00df der gro\u00dfspurig verk\u00fcndete Ausstieg aus allen Vereinbarungen mit Israel eine blamable Finte sein sollte. Da es etwa die Sicherheitspartnerschaft mit Israel tats\u00e4chlich eingestellt hat, m\u00fc\u00dfte Ramallah zugleich den gezielten Versto\u00df gegen geltendes Recht eingestehen, etwas, das es Jerusalem unterstellt.<\/p>\n<p>Wie immer das PLO-Regime dem ICC auch antworten wird, es wird sich dabei auf die eine oder andere Weise blo\u00dfstellen, der L\u00e4cherlichkeit preisgeben. Wie die Tageszeitung <i>Haaretz<\/i> andeutet, soll es zu argumentieren erw\u00e4gen, seine Vorw\u00fcrfe m\u00fc\u00dften unabh\u00e4ngig von Oslo betrachtet werden. Lie\u00dfe der ICC sich darauf ein, auf eine selektive (Nicht-)Anwendung von Regeln, machte freilich auch er sich zum Gesp\u00f6tt.<\/p>\n","protected":false},"excerpt":{"rendered":"<p>Geriet der Internationale Strafgerichtshof (ICC) in Den Haag zuletzt wegen der Entscheidung seiner Chefankl\u00e4gerin Fatou Bensouda in die Kritik, auf blo\u00dfen Zuruf des PLO-Regimes Ermittlungen gegen Israel einzuleiten, die zu einem Urteil gegen Jerusalem wegen angeblicher Kriegsverbrechen f\u00fchren sollen, bereitet jetzt eine Nachfrage des Gerichtshofs der \u00bbPal\u00e4stinenserf\u00fchrung\u00ab Kopfzerbrechen. W\u00e4hrend viele Regierungen, darunter die in Berlin, [&hellip;]<\/p>\n","protected":false},"author":1,"featured_media":0,"comment_status":"open","ping_status":"open","sticky":false,"template":"","format":"standard","meta":{"footnotes":""},"categories":[2],"tags":[11,16,38,601,600,194,602],"class_list":["post-4780","post","type-post","status-publish","format-standard","hentry","category-allgemein","tag-palaestina","tag-abu-mazen","tag-antisemitismus","tag-fatou-bensouda","tag-icc","tag-israel","tag-lawfare"],"_links":{"self":[{"href":"https:\/\/www.tw24.net\/index.php?rest_route=\/wp\/v2\/posts\/4780","targetHints":{"allow":["GET"]}}],"collection":[{"href":"https:\/\/www.tw24.net\/index.php?rest_route=\/wp\/v2\/posts"}],"about":[{"href":"https:\/\/www.tw24.net\/index.php?rest_route=\/wp\/v2\/types\/post"}],"author":[{"embeddable":true,"href":"https:\/\/www.tw24.net\/index.php?rest_route=\/wp\/v2\/users\/1"}],"replies":[{"embeddable":true,"href":"https:\/\/www.tw24.net\/index.php?rest_route=%2Fwp%2Fv2%2Fcomments&post=4780"}],"version-history":[{"count":1,"href":"https:\/\/www.tw24.net\/index.php?rest_route=\/wp\/v2\/posts\/4780\/revisions"}],"predecessor-version":[{"id":4781,"href":"https:\/\/www.tw24.net\/index.php?rest_route=\/wp\/v2\/posts\/4780\/revisions\/4781"}],"wp:attachment":[{"href":"https:\/\/www.tw24.net\/index.php?rest_route=%2Fwp%2Fv2%2Fmedia&parent=4780"}],"wp:term":[{"taxonomy":"category","embeddable":true,"href":"https:\/\/www.tw24.net\/index.php?rest_route=%2Fwp%2Fv2%2Fcategories&post=4780"},{"taxonomy":"post_tag","embeddable":true,"href":"https:\/\/www.tw24.net\/index.php?rest_route=%2Fwp%2Fv2%2Ftags&post=4780"}],"curies":[{"name":"wp","href":"https:\/\/api.w.org\/{rel}","templated":true}]}}