{"id":4782,"date":"2020-05-29T14:25:47","date_gmt":"2020-05-29T12:25:47","guid":{"rendered":"https:\/\/www.tw24.net\/?p=4782"},"modified":"2020-05-29T14:25:47","modified_gmt":"2020-05-29T12:25:47","slug":"neues-gesicht","status":"publish","type":"post","link":"https:\/\/www.tw24.net\/?p=4782","title":{"rendered":"\u00bbNeues Gesicht\u00ab"},"content":{"rendered":"<p>Die UNRWA, das umstrittene \u00bbHilfswerk der Vereinten Nationen f\u00fcr Pal\u00e4stina-Fl\u00fcchtlinge im Nahen Osten\u00ab, sei \u00bbTeil der L\u00f6sung, nicht des Problems\u00ab, behauptet Philippe Lazzarini in einem Gespr\u00e4ch mit dem <i>Schweizer Rundfunk<\/i>. Stellt der Sender den Diplomaten mit einer <a href=\"https:\/\/www.srf.ch\/news\/international\/palaestinenserhilfswerk-unrwa-wir-sind-teil-der-loesung-nicht-des-problems\">Bildunterschrift<\/a> als \u00bbneues Gesicht an der Spitze der UNRWA\u00ab vor, ist das eine treffende Zusammenfassung des Interviews.<\/p>\n<p>Denn in der Tat scheint Philippe Lazzarini nicht mehr sein zu wollen als ein neues Gesicht: \u00c4nderungsbedarf bei der UNRWA, an deren Spitze er den ebenfalls aus der Schweiz stammenden Pierre Kr\u00e4henb\u00fchl beerbt, der im vergangenen Jahr nach Korruptionsvorw\u00fcrfen das Amt aufgeben mu\u00dfte, sieht Philippe Lazzarini keinen: \u00bbWir k\u00f6nnen das Kapitel F\u00fchrungs- und Managementkrise abschliessen\u00ab.<\/p>\n<p>Ganz ausdr\u00fccklich festhalten will das \u00bbneue Gesicht\u00ab am f\u00fcr \u00bbPal\u00e4stinenser\u00ab exklusiv geschaffenen vererbbaren Fl\u00fcchtlingsstatus, dessen Notwendigkeit er mit dem spannenden \u00bbArgument\u00ab begr\u00fcndet, \u00bbbes\u00e4ssen [..] die Pal\u00e4stinenser und ihre Kinder und Enkel keinen UNRWA-Fl\u00fcchtlingsstatus, w\u00e4ren sie staatenlos\u00ab. Sie seien doch \u00bbderzeit die einzigen Fl\u00fcchtlinge, die noch kein Heimatland haben\u00ab.<\/p>\n<p>Leider wurde Philippe Lazzarini nicht gefragt, wann seine Vereinten Nationen denn beispielsweise Kurdistan anerkannt h\u00e4tten oder ein Hilfswerk, das allein Kurden betreut. Seine sch\u00f6nste Aussage aber d\u00fcrfte diese sein: \u00bbUnsere Organisation bereitet junge Pal\u00e4stinenserinnen und Pal\u00e4stinenser, also die k\u00fcnftige Generation, auf die Zukunft vor. Insofern sind wir ganz klar Teil der L\u00f6sung [..].\u00ab<\/p>\n<p>F\u00fcr Juni wird die Ver\u00f6ffentlichung einer bisher als \u00bbVerschlu\u00dfsache\u00ab eingestuften Studie der EU erwartet, die sich auch damit befa\u00dft, was das \u00bbpal\u00e4stinensische\u00ab Bildungswesen, dessen Lehrpl\u00e4ne f\u00fcr die UNRWA verbindlich sind, jungen Menschen beibringt. Das Europ\u00e4ische Parlament meinte unterdessen, dieses Bildungswesen geh\u00f6re zu den weltweit \u00bbhasserf\u00fclltesten, gewaltt\u00e4tigsten und extremsten\u00ab.<\/p>\n<p>Philippe Lazzarini ist ein weiterer Garant daf\u00fcr, da\u00df sich an der verheerenden Rolle der UNRWA im \u00bbpal\u00e4stinensisch\u00ab-israelischen Konflikt nichts \u00e4ndern wird. \u00bbPal\u00e4stinenser\u00ab werden durch sie weiter in Armut und Abh\u00e4ngigkeit gehalten, Generation um Generation von ihnen im Glauben an ein von ihr propagiertes \u00bbRecht auf R\u00fcckkehr\u00ab aufwachsen, das gleichbedeutend ist mit der Zerst\u00f6rung Israels.<\/p>\n","protected":false},"excerpt":{"rendered":"<p>Die UNRWA, das umstrittene \u00bbHilfswerk der Vereinten Nationen f\u00fcr Pal\u00e4stina-Fl\u00fcchtlinge im Nahen Osten\u00ab, sei \u00bbTeil der L\u00f6sung, nicht des Problems\u00ab, behauptet Philippe Lazzarini in einem Gespr\u00e4ch mit dem Schweizer Rundfunk. Stellt der Sender den Diplomaten mit einer Bildunterschrift als \u00bbneues Gesicht an der Spitze der UNRWA\u00ab vor, ist das eine treffende Zusammenfassung des Interviews. Denn [&hellip;]<\/p>\n","protected":false},"author":1,"featured_media":0,"comment_status":"open","ping_status":"open","sticky":false,"template":"","format":"standard","meta":{"footnotes":""},"categories":[2],"tags":[11,147,645,389,399,424],"class_list":["post-4782","post","type-post","status-publish","format-standard","hentry","category-allgemein","tag-palaestina","tag-friedensprozess","tag-philippe-lazzarini","tag-unrwa","tag-vereinte-nationen","tag-zwei-staaten-loesung"],"_links":{"self":[{"href":"https:\/\/www.tw24.net\/index.php?rest_route=\/wp\/v2\/posts\/4782","targetHints":{"allow":["GET"]}}],"collection":[{"href":"https:\/\/www.tw24.net\/index.php?rest_route=\/wp\/v2\/posts"}],"about":[{"href":"https:\/\/www.tw24.net\/index.php?rest_route=\/wp\/v2\/types\/post"}],"author":[{"embeddable":true,"href":"https:\/\/www.tw24.net\/index.php?rest_route=\/wp\/v2\/users\/1"}],"replies":[{"embeddable":true,"href":"https:\/\/www.tw24.net\/index.php?rest_route=%2Fwp%2Fv2%2Fcomments&post=4782"}],"version-history":[{"count":1,"href":"https:\/\/www.tw24.net\/index.php?rest_route=\/wp\/v2\/posts\/4782\/revisions"}],"predecessor-version":[{"id":4783,"href":"https:\/\/www.tw24.net\/index.php?rest_route=\/wp\/v2\/posts\/4782\/revisions\/4783"}],"wp:attachment":[{"href":"https:\/\/www.tw24.net\/index.php?rest_route=%2Fwp%2Fv2%2Fmedia&parent=4782"}],"wp:term":[{"taxonomy":"category","embeddable":true,"href":"https:\/\/www.tw24.net\/index.php?rest_route=%2Fwp%2Fv2%2Fcategories&post=4782"},{"taxonomy":"post_tag","embeddable":true,"href":"https:\/\/www.tw24.net\/index.php?rest_route=%2Fwp%2Fv2%2Ftags&post=4782"}],"curies":[{"name":"wp","href":"https:\/\/api.w.org\/{rel}","templated":true}]}}