{"id":4919,"date":"2020-07-28T10:54:17","date_gmt":"2020-07-28T08:54:17","guid":{"rendered":"https:\/\/www.tw24.net\/?p=4919"},"modified":"2020-07-28T10:55:06","modified_gmt":"2020-07-28T08:55:06","slug":"friedenshindernis-europa","status":"publish","type":"post","link":"https:\/\/www.tw24.net\/?p=4919","title":{"rendered":"Friedenshindernis Europa"},"content":{"rendered":"<p>Die Europ\u00e4ische Union l\u00e4\u00dft weiterhin keine Zweifel daran aufkommen, da\u00df von ihr kein vern\u00fcnftiger Beitrag zur Beendigung des \u00bbpal\u00e4stinensisch\u00ab-israelischen Konflikts zu erwarten ist. Zwar bekennt sie sich offiziell zu einer \u00bbverhandelten Zwei-Staaten-L\u00f6sung\u00ab, praktisch ist sie derweil aber nicht einmal bereit, die Verweigerung jeden Kontakts zu Jerusalem durch Ramallah zu sanktionieren.<\/p>\n<p>W\u00e4hrend Mohammad Shtayeh, der \u00bbPremierminister\u00ab des Regimes in Ramallah, <a href=\"http:\/\/english.wafa.ps\/Pages\/Details\/118667\">bekr\u00e4ftigte<\/a>, seine \u00bbRegierung\u00ab weigere sich, den \u00bbPal\u00e4stinensern\u00ab zustehende Finanztransfers aus Israel,zu akzeptieren, weil diese sich nicht ohne \u00bbpal\u00e4stinensisch\u00ab-israelische Kontakte organisieren lie\u00dfen, <a href=\"https:\/\/eeas.europa.eu\/delegations\/palestine-occupied-palestinian-territory-west-bank-and-gaza-strip\/83427\/supporting-palestine-\u20ac23-million-eu-payment-june-salaries-and-pensions_en\">k\u00fcndigte<\/a> \u00bbTeam Europe\u00ab an, wenigstens f\u00fcr einen Teil der dadurch entstandenen Verluste aufkommen zu wollen.<\/p>\n<p>Seit Ramallah am 19. Mai einseitig alle Vereinbarungen mit der Regierung in Jerusalem f\u00fcr nichtig erkl\u00e4rte, boykottiert sie jegliche Kooperation mit Israel. Weil die \u00bbPal\u00e4stinenserf\u00fchrung\u00ab nicht mit der Regierung in Jerusalem oder israelischen Beh\u00f6rden kommunizieren will, verzichtet sie auf Einnahmen im dreistelligen Millionenbereich, die 60 bis 80 Prozent ihres monatlichen Haushalts ausmachen.<\/p>\n<p>W\u00e4hrend Bev\u00f6lkerung und Wirtschaft in \u00bbPal\u00e4stina\u00ab ohnehin bereits unter den Folgen von Ma\u00dfnahmen zur Bek\u00e4mpfung der Covid-19-Pandemie zu leiden haben, versch\u00e4rft das PLO-Regime dadurch die Krise willentlich noch weiter. Durch teils drastische K\u00fcrzungen (bis zu 50 Prozent) bei den Geh\u00e4ltern ihrer \u00bbzivilen\u00ab Angestellten entzieht sie Menschen Einkommen und der Wirtschaft Einnahmen.<\/p>\n<p>Sagt die Europ\u00e4ische Union Ramallah jetzt eine Unterst\u00fctzung in H\u00f6he von 23 Millionen Euro zu, um zumindest einen Teil der Einkommen von Mitarbeitern des Gesundheits- und <a href=\"https:\/\/www.i24news.tv\/en\/news\/international\/europe\/1589457756-eu-parliament-passes-resolution-criticizing-problematic-materials-in-palestinian-textbooks\">Bildungswesens<\/a> zu sichern, kann das zwar einerseits die von Ramallah selbst verursachten Einnahmeausf\u00e4lle nicht kompensieren, demonstriert aber dennoch \u00dcbereinstimmung mit dem Kurs der \u00bbPal\u00e4stinenserf\u00fchrung\u00ab.<\/p>\n<p>Die hat mit ihrer Absage an die Vertr\u00e4ge von Oslo, ihrer seither praktizierten Verweigerung jeder Kooperation mit Jerusalem, die bereits Todesopfer forderte, wissentlich eine Wiederaufnahme \u00bbpal\u00e4stinensisch\u00ab-israelischer Gespr\u00e4che erschwert, vielleicht sogar f\u00fcr lange Zeit verunm\u00f6glicht. Da\u00df \u00bbTeam Europe\u00ab die \u00bbPal\u00e4stinenserf\u00fchrung\u00ab erneut mit Millionen st\u00fctzt, ist kein Beitrag f\u00fcr einen Frieden.<\/p>\n","protected":false},"excerpt":{"rendered":"<p>Die Europ\u00e4ische Union l\u00e4\u00dft weiterhin keine Zweifel daran aufkommen, da\u00df von ihr kein vern\u00fcnftiger Beitrag zur Beendigung des \u00bbpal\u00e4stinensisch\u00ab-israelischen Konflikts zu erwarten ist. Zwar bekennt sie sich offiziell zu einer \u00bbverhandelten Zwei-Staaten-L\u00f6sung\u00ab, praktisch ist sie derweil aber nicht einmal bereit, die Verweigerung jeden Kontakts zu Jerusalem durch Ramallah zu sanktionieren. W\u00e4hrend Mohammad Shtayeh, der \u00bbPremierminister\u00ab [&hellip;]<\/p>\n","protected":false},"author":1,"featured_media":0,"comment_status":"open","ping_status":"open","sticky":false,"template":"","format":"standard","meta":{"footnotes":""},"categories":[2],"tags":[11,38,120,124,130,147,239,313,657,374],"class_list":["post-4919","post","type-post","status-publish","format-standard","hentry","category-allgemein","tag-palaestina","tag-antisemitismus","tag-eu","tag-europaeische-union","tag-fatah","tag-friedensprozess","tag-korruption","tag-plo","tag-sven-kuehn-von-burgsdorff","tag-terrorismus"],"_links":{"self":[{"href":"https:\/\/www.tw24.net\/index.php?rest_route=\/wp\/v2\/posts\/4919","targetHints":{"allow":["GET"]}}],"collection":[{"href":"https:\/\/www.tw24.net\/index.php?rest_route=\/wp\/v2\/posts"}],"about":[{"href":"https:\/\/www.tw24.net\/index.php?rest_route=\/wp\/v2\/types\/post"}],"author":[{"embeddable":true,"href":"https:\/\/www.tw24.net\/index.php?rest_route=\/wp\/v2\/users\/1"}],"replies":[{"embeddable":true,"href":"https:\/\/www.tw24.net\/index.php?rest_route=%2Fwp%2Fv2%2Fcomments&post=4919"}],"version-history":[{"count":2,"href":"https:\/\/www.tw24.net\/index.php?rest_route=\/wp\/v2\/posts\/4919\/revisions"}],"predecessor-version":[{"id":4921,"href":"https:\/\/www.tw24.net\/index.php?rest_route=\/wp\/v2\/posts\/4919\/revisions\/4921"}],"wp:attachment":[{"href":"https:\/\/www.tw24.net\/index.php?rest_route=%2Fwp%2Fv2%2Fmedia&parent=4919"}],"wp:term":[{"taxonomy":"category","embeddable":true,"href":"https:\/\/www.tw24.net\/index.php?rest_route=%2Fwp%2Fv2%2Fcategories&post=4919"},{"taxonomy":"post_tag","embeddable":true,"href":"https:\/\/www.tw24.net\/index.php?rest_route=%2Fwp%2Fv2%2Ftags&post=4919"}],"curies":[{"name":"wp","href":"https:\/\/api.w.org\/{rel}","templated":true}]}}