{"id":5016,"date":"2020-09-01T15:58:46","date_gmt":"2020-09-01T13:58:46","guid":{"rendered":"https:\/\/www.tw24.net\/?p=5016"},"modified":"2020-09-01T15:58:46","modified_gmt":"2020-09-01T13:58:46","slug":"eindeutig-und-aktiv-anspruch-und-vorbild","status":"publish","type":"post","link":"https:\/\/www.tw24.net\/?p=5016","title":{"rendered":"\u00bbEindeutig und aktiv\u00ab: Anspruch und Vorbild"},"content":{"rendered":"<p>\u00bbWer auf den Stra\u00dfen den Schulterschluss mit Rechtsextremisten sucht, aber auch wer nur gleichg\u00fcltig neben Neonazis, Fremdenfeinden und Antisemiten herl\u00e4uft, wer sich nicht <a href=\"https:\/\/www.bundespraesident.de\/SharedDocs\/Berichte\/DE\/Frank-Walter-Steinmeier\/2020\/08\/200831-Statement-Gespraech-Polizisten.html\">eindeutig und aktiv<\/a> abgrenzt, macht sich mit ihnen gemein.\u00ab<\/p>\n<p>\u00bb<i>Was hat Sie dazu <a href=\"https:\/\/www.bundespraesident.de\/SharedDocs\/Reden\/DE\/Frank-Walter-Steinmeier\/Interviews\/2017\/170628-Schriftinterview-Augsburger-Allgemeine.html?nn=9042446\">bewogen<\/a>, am Rande Ihres Israelbesuchs im Mai einen Kranz am Grab von Jassir Arafat niederzulegen? Viele Israelis, aber auch viele Juden hier hat diese Geste verst\u00f6rt. F\u00fcr sie war Arafat ein Terrorist, ein Judenhasser.<\/i><\/p>\n<p>W\u00e4hrend meines Besuchs als Bundespr\u00e4sident in Jerusalem habe ich ganz bewusst Kr\u00e4nze an den Gr\u00e4bern von Shimon Peres und Jitzhak Rabin niedergelegt. Gemeinsam erhielten Peres, Rabin und auch Jassir Arafat f\u00fcr ihre Friedensanstrengungen im Jahr 1994 den Friedensnobelpreis. Die Kranzniederlegung am Grab von Arafat ist inzwischen bei offiziellen Besuchen aller ausl\u00e4ndischer Staatsoberh\u00e4upter Teil des pal\u00e4stinensischen Protokolls.\u00ab<\/p>\n","protected":false},"excerpt":{"rendered":"<p>\u00bbWer auf den Stra\u00dfen den Schulterschluss mit Rechtsextremisten sucht, aber auch wer nur gleichg\u00fcltig neben Neonazis, Fremdenfeinden und Antisemiten herl\u00e4uft, wer sich nicht eindeutig und aktiv abgrenzt, macht sich mit ihnen gemein.\u00ab \u00bbWas hat Sie dazu bewogen, am Rande Ihres Israelbesuchs im Mai einen Kranz am Grab von Jassir Arafat niederzulegen? Viele Israelis, aber auch [&hellip;]<\/p>\n","protected":false},"author":1,"featured_media":0,"comment_status":"open","ping_status":"open","sticky":false,"template":"","format":"standard","meta":{"footnotes":""},"categories":[2],"tags":[38,102,112,144,374,418],"class_list":["post-5016","post","type-post","status-publish","format-standard","hentry","category-allgemein","tag-antisemitismus","tag-deutschland","tag-double-standards","tag-frank-walter-steinmeier","tag-terrorismus","tag-yassir-arafat"],"_links":{"self":[{"href":"https:\/\/www.tw24.net\/index.php?rest_route=\/wp\/v2\/posts\/5016","targetHints":{"allow":["GET"]}}],"collection":[{"href":"https:\/\/www.tw24.net\/index.php?rest_route=\/wp\/v2\/posts"}],"about":[{"href":"https:\/\/www.tw24.net\/index.php?rest_route=\/wp\/v2\/types\/post"}],"author":[{"embeddable":true,"href":"https:\/\/www.tw24.net\/index.php?rest_route=\/wp\/v2\/users\/1"}],"replies":[{"embeddable":true,"href":"https:\/\/www.tw24.net\/index.php?rest_route=%2Fwp%2Fv2%2Fcomments&post=5016"}],"version-history":[{"count":1,"href":"https:\/\/www.tw24.net\/index.php?rest_route=\/wp\/v2\/posts\/5016\/revisions"}],"predecessor-version":[{"id":5017,"href":"https:\/\/www.tw24.net\/index.php?rest_route=\/wp\/v2\/posts\/5016\/revisions\/5017"}],"wp:attachment":[{"href":"https:\/\/www.tw24.net\/index.php?rest_route=%2Fwp%2Fv2%2Fmedia&parent=5016"}],"wp:term":[{"taxonomy":"category","embeddable":true,"href":"https:\/\/www.tw24.net\/index.php?rest_route=%2Fwp%2Fv2%2Fcategories&post=5016"},{"taxonomy":"post_tag","embeddable":true,"href":"https:\/\/www.tw24.net\/index.php?rest_route=%2Fwp%2Fv2%2Ftags&post=5016"}],"curies":[{"name":"wp","href":"https:\/\/api.w.org\/{rel}","templated":true}]}}