{"id":5030,"date":"2020-09-08T12:32:11","date_gmt":"2020-09-08T10:32:11","guid":{"rendered":"https:\/\/www.tw24.net\/?p=5030"},"modified":"2020-09-08T12:32:11","modified_gmt":"2020-09-08T10:32:11","slug":"friedensmacht-europa","status":"publish","type":"post","link":"https:\/\/www.tw24.net\/?p=5030","title":{"rendered":"Friedensmacht Europa"},"content":{"rendered":"<p>Bei von den Vereinigten Staaten vermittelten Gespr\u00e4chen haben sich die serbische Regierung sowie Vertreter des Kosovo auf eine politische Ann\u00e4herung verst\u00e4ndigt. Das Kosovo geh\u00f6rte bis zu seiner einseitigen Unabh\u00e4ngigkeitserkl\u00e4rung 2008 als autonome Region zu Serbien, deren Abspaltung das Verh\u00e4ltnis zwischen Belgrad, das sie nicht anerkennt, und Pristina bis heute konflikttr\u00e4chtig belastet.<\/p>\n<p>Bei den Gespr\u00e4chen der beiden Konfliktparteien wurden offenbar auch deren Beziehungen zu Israel thematisiert, so da\u00df Pr\u00e4sident Donald J. Trump am Freitag auch verk\u00fcnden konnte, da\u00df Serbien seine Botschaft von Tel Aviv nach Jerusalem, die Hauptstadt Israels, verlegen wolle, w\u00e4hrend das Kosovo Israel als erster europ\u00e4ischer Staat mit muslimischer Bev\u00f6lkerungsmehrheit anerkennen werde.<\/p>\n<p>Mit einer Vereinbarung zur Ann\u00e4herung Belgrads und Pristinas ist dem amerikanischen Pr\u00e4sidenten etwas gelungen, woran sich die Diplomatie Europas seit Jahren vergeblich versuchte. In Br\u00fcssel reagiert man wom\u00f6glich deshalb allergisch auf den Verhandlungserfolg Washingtons: Die Ansiedlung einer Botschaft in Jerusalem gef\u00e4hrde die Chancen des jeweiligen Staates auf eine EU-Mitgliedschaft.<\/p>\n<p>Der Status Jerusalems, das sp\u00e4testens seit 1980 offiziell die israelische Hauptstadt ist, ist nach Ansicht Br\u00fcssels n\u00e4mlich noch offen und soll in Verhandlungen zwischen \u00bbPal\u00e4stinensern\u00ab und Israel ausgehandelt werden. \u00c4hnliches gilt freilich f\u00fcr die Aufnahme normaler Beziehungen zu \u00bbPal\u00e4stina\u00ab: \u00bbPal\u00e4stinas\u00ab soll erst dann als ein Staat anerkannt werden, waren Friedensgespr\u00e4che erfolgreich.<\/p>\n<p>Dennoch drohte Br\u00fcssel Stockholm nicht mit Sanktionen oder gar einem Rauswurf aus der EU, als die schwedische Regierung 2014 \u00bbPal\u00e4stina\u00ab als einen eigenst\u00e4ndigen Staat anerkannte. Niemand in Br\u00fcssel verlangte von osteurop\u00e4ischen Staaten, sie m\u00fc\u00dften ihre aus der Zeit vor dem Ende des Kalten Krieges stammende Anerkennung \u00bbPal\u00e4stinas\u00ab vor ihrem Beitritt zur EU r\u00fcckg\u00e4ngig machen.<\/p>\n<p>Mit seiner \u00bbKritik\u00ab an der Einigung von Washington offenbart Br\u00fcssel nicht nur eine so besch\u00e4mende wie entlarvende Bereitschaft zur skrupellosen Erpressung potentieller Neumitglieder, sondern seine institutionalisierten antisemitischen <i>double standards<\/i>. Zu deren Durchsetzung ist sie offenbar auch bereit, eine Einigung zwischen Konfliktparteien zu sabotieren, die mehr Frieden in Europa bedeutete.<\/p>\n","protected":false},"excerpt":{"rendered":"<p>Bei von den Vereinigten Staaten vermittelten Gespr\u00e4chen haben sich die serbische Regierung sowie Vertreter des Kosovo auf eine politische Ann\u00e4herung verst\u00e4ndigt. Das Kosovo geh\u00f6rte bis zu seiner einseitigen Unabh\u00e4ngigkeitserkl\u00e4rung 2008 als autonome Region zu Serbien, deren Abspaltung das Verh\u00e4ltnis zwischen Belgrad, das sie nicht anerkennt, und Pristina bis heute konflikttr\u00e4chtig belastet. Bei den Gespr\u00e4chen der [&hellip;]<\/p>\n","protected":false},"author":1,"featured_media":0,"comment_status":"open","ping_status":"open","sticky":false,"template":"","format":"standard","meta":{"footnotes":""},"categories":[2],"tags":[11,37,38,110,112,120,124,194,730,729,397],"class_list":["post-5030","post","type-post","status-publish","format-standard","hentry","category-allgemein","tag-palaestina","tag-antiamerikanismus","tag-antisemitismus","tag-donald-j-trump","tag-double-standards","tag-eu","tag-europaeische-union","tag-israel","tag-kosovo","tag-serbien","tag-vereinigte-staaten"],"_links":{"self":[{"href":"https:\/\/www.tw24.net\/index.php?rest_route=\/wp\/v2\/posts\/5030","targetHints":{"allow":["GET"]}}],"collection":[{"href":"https:\/\/www.tw24.net\/index.php?rest_route=\/wp\/v2\/posts"}],"about":[{"href":"https:\/\/www.tw24.net\/index.php?rest_route=\/wp\/v2\/types\/post"}],"author":[{"embeddable":true,"href":"https:\/\/www.tw24.net\/index.php?rest_route=\/wp\/v2\/users\/1"}],"replies":[{"embeddable":true,"href":"https:\/\/www.tw24.net\/index.php?rest_route=%2Fwp%2Fv2%2Fcomments&post=5030"}],"version-history":[{"count":1,"href":"https:\/\/www.tw24.net\/index.php?rest_route=\/wp\/v2\/posts\/5030\/revisions"}],"predecessor-version":[{"id":5031,"href":"https:\/\/www.tw24.net\/index.php?rest_route=\/wp\/v2\/posts\/5030\/revisions\/5031"}],"wp:attachment":[{"href":"https:\/\/www.tw24.net\/index.php?rest_route=%2Fwp%2Fv2%2Fmedia&parent=5030"}],"wp:term":[{"taxonomy":"category","embeddable":true,"href":"https:\/\/www.tw24.net\/index.php?rest_route=%2Fwp%2Fv2%2Fcategories&post=5030"},{"taxonomy":"post_tag","embeddable":true,"href":"https:\/\/www.tw24.net\/index.php?rest_route=%2Fwp%2Fv2%2Ftags&post=5030"}],"curies":[{"name":"wp","href":"https:\/\/api.w.org\/{rel}","templated":true}]}}