{"id":5182,"date":"2020-11-22T15:49:43","date_gmt":"2020-11-22T13:49:43","guid":{"rendered":"https:\/\/www.tw24.net\/?p=5182"},"modified":"2020-11-22T15:49:43","modified_gmt":"2020-11-22T13:49:43","slug":"verraeterisches-schweigen-2","status":"publish","type":"post","link":"https:\/\/www.tw24.net\/?p=5182","title":{"rendered":"Verr\u00e4terisches Schweigen"},"content":{"rendered":"<p>Wie schon in den vergangenen Tagen immer wieder haben \u00bbpal\u00e4stinensische\u00ab Terroristen in der vergangenen Nacht Israel von Gaza aus mit Raketen angegriffen. Eine der Raketen schlug dabei in einem Lagerhaus in einem Industriegel\u00e4nde am Stadtrand von Ashkelon ein. In der Stadt im S\u00fcden Israels, der der Angriff aus dem von der Hamas kontrollierten Gebiet galt, leben \u00fcber 132.000 Menschen.<\/p>\n<p>Hatten Repr\u00e4sentanten der Europ\u00e4ischen Union und ihrer Mitgliedsstaaten in den vergangenen Tagen viel damit zu tun, Israel entweder wegen drohender Abri\u00dfarbeiten an illegal errichteten Geb\u00e4uden oder fortgesetzten Planungsarbeiten f\u00fcr Wohnungsbauten zu verdammen, h\u00e4lt ihr derweil immer lauter werdendes Schweigen zu den \u00bbpal\u00e4stinensischen\u00ab Angriffen auf zivile Ziele in Israel weiter an.<\/p>\n<p>Die EU hat in ihren letzten Statements freilich in entlarvender Klarheit immer wieder deutlich gemacht, da\u00df sie Israel f\u00fcr verantwortlich h\u00e4lt, sollte es zu Versch\u00e4rfungen im \u00bbpal\u00e4stinensisch\u00ab-israelischen Konflikt kommen. Daher kann die europ\u00e4ische Wortlosigkeit zum Raketenterror kaum verwundern: Mit ihren antiisraelischen Erkl\u00e4rungen liefert die EU Terroristen Vorw\u00e4nde f\u00fcr deren Angriffe.<\/p>\n<p>W\u00e4hrend immer mehr arabische Staaten ihr Verh\u00e4ltnis zum j\u00fcdischen Staat normalisieren und Israel in Friedensvertr\u00e4gen anerkennen, verkommt die europ\u00e4ische Au\u00dfenpolitik so immer mehr zur Komplizin des antisemitischen Terrors.So, wie es beim Schutz europ\u00e4ischer Juden versagt, versagt Europa dem j\u00fcdischen Staat auf internationaler Ebene mit seinem Schweigen zum Terror die Solidarit\u00e4t.<\/p>\n","protected":false},"excerpt":{"rendered":"<p>Wie schon in den vergangenen Tagen immer wieder haben \u00bbpal\u00e4stinensische\u00ab Terroristen in der vergangenen Nacht Israel von Gaza aus mit Raketen angegriffen. Eine der Raketen schlug dabei in einem Lagerhaus in einem Industriegel\u00e4nde am Stadtrand von Ashkelon ein. In der Stadt im S\u00fcden Israels, der der Angriff aus dem von der Hamas kontrollierten Gebiet galt, [&hellip;]<\/p>\n","protected":false},"author":1,"featured_media":0,"comment_status":"open","ping_status":"open","sticky":false,"template":"","format":"standard","meta":{"footnotes":""},"categories":[2],"tags":[11,38,42,120,124,148,157,192,194,374],"class_list":["post-5182","post","type-post","status-publish","format-standard","hentry","category-allgemein","tag-palaestina","tag-antisemitismus","tag-appeasement","tag-eu","tag-europaeische-union","tag-gaza","tag-hamas","tag-islamismus","tag-israel","tag-terrorismus"],"_links":{"self":[{"href":"https:\/\/www.tw24.net\/index.php?rest_route=\/wp\/v2\/posts\/5182","targetHints":{"allow":["GET"]}}],"collection":[{"href":"https:\/\/www.tw24.net\/index.php?rest_route=\/wp\/v2\/posts"}],"about":[{"href":"https:\/\/www.tw24.net\/index.php?rest_route=\/wp\/v2\/types\/post"}],"author":[{"embeddable":true,"href":"https:\/\/www.tw24.net\/index.php?rest_route=\/wp\/v2\/users\/1"}],"replies":[{"embeddable":true,"href":"https:\/\/www.tw24.net\/index.php?rest_route=%2Fwp%2Fv2%2Fcomments&post=5182"}],"version-history":[{"count":1,"href":"https:\/\/www.tw24.net\/index.php?rest_route=\/wp\/v2\/posts\/5182\/revisions"}],"predecessor-version":[{"id":5183,"href":"https:\/\/www.tw24.net\/index.php?rest_route=\/wp\/v2\/posts\/5182\/revisions\/5183"}],"wp:attachment":[{"href":"https:\/\/www.tw24.net\/index.php?rest_route=%2Fwp%2Fv2%2Fmedia&parent=5182"}],"wp:term":[{"taxonomy":"category","embeddable":true,"href":"https:\/\/www.tw24.net\/index.php?rest_route=%2Fwp%2Fv2%2Fcategories&post=5182"},{"taxonomy":"post_tag","embeddable":true,"href":"https:\/\/www.tw24.net\/index.php?rest_route=%2Fwp%2Fv2%2Ftags&post=5182"}],"curies":[{"name":"wp","href":"https:\/\/api.w.org\/{rel}","templated":true}]}}