{"id":5250,"date":"2020-12-18T12:24:08","date_gmt":"2020-12-18T10:24:08","guid":{"rendered":"https:\/\/www.tw24.net\/?p=5250"},"modified":"2022-01-29T16:07:19","modified_gmt":"2022-01-29T14:07:19","slug":"rechtssprechung","status":"publish","type":"post","link":"https:\/\/www.tw24.net\/?p=5250","title":{"rendered":"Rechtssprechung"},"content":{"rendered":"<p>Der Europ\u00e4ische Gerichtshof (EuGH) in Luxemburg hat am Donnerstag einen Richterspruch ver\u00f6ffentlicht, nach dem ein in der belgischen Region Flandern seit zwei Jahren geltendes Verbot des rituellen Sch\u00e4chtens von Tieren mit europ\u00e4ischem Recht vereinbar ist. Mit ihrem Urteil best\u00e4tigten die Richter auch entsprechende gesetzliche Regelungen, die es bereits in D\u00e4nemark und Schweden gibt.<\/p>\n<p>W\u00e4hrend das \u00bbsportliche\u00ab Jagen und T\u00f6ten von Tieren vom EuGH unbeanstandet blieb, stellt er im Fall des bet\u00e4ubungslosen Sch\u00e4chtens, das von Juden und Muslimen praktiziert wird, vermeintliches Tierwohl \u00fcber das Recht der freien Religionsaus\u00fcbung. Mit ihrer Entscheidung wiesen die Richter die Empfehlung des EU-Generalanwalts Gerard Hogan zur\u00fcck, die Religionsfreiheit h\u00f6her zu bewerten.<\/p>\n<p>Das Urteil des Europ\u00e4ischen Gerichtshof wird denn auch von Vertretern j\u00fcdischer und muslimischer Verb\u00e4nde teils scharf verurteilt. \u00bbEs bedeutet einen schwerwiegenden Eingriff in die durch die EU-Charta garantierte freie Religionsaus\u00fcbung und ist geeignet, j\u00fcdisches Leben in Europa massiv zu gef\u00e4hrden\u00ab, erkl\u00e4rte etwa Josef Schuster, der Vorsitzende des Zentralrats der Juden in Deutschland.<\/p>\n<p>Begr\u00fc\u00dft wurde der Richterspruch dagegen von Tiersch\u00fctzern. Doch auch Rechtsextremisten d\u00fcrften sich von Luxemburg best\u00e4tigt f\u00fchlen. In Deutschland beispielsweise errangen im vergangenen Jahr der s\u00e4chsische und der th\u00fcringische Landesverband der AfD mit ihren Forderungen nach einem generellen Verbot des \u00bbqualvolle[n] Sch\u00e4chten[s] von Tieren\u00ab Erfolge bei den jeweiligen Landtagswahlen.<\/p>\n","protected":false},"excerpt":{"rendered":"<p>Der Europ\u00e4ische Gerichtshof (EuGH) in Luxemburg hat am Donnerstag einen Richterspruch ver\u00f6ffentlicht, nach dem ein in der belgischen Region Flandern seit zwei Jahren geltendes Verbot des rituellen Sch\u00e4chtens von Tieren mit europ\u00e4ischem Recht vereinbar ist. Mit ihrem Urteil best\u00e4tigten die Richter auch entsprechende gesetzliche Regelungen, die es bereits in D\u00e4nemark und Schweden gibt. W\u00e4hrend das [&hellip;]<\/p>\n","protected":false},"author":1,"featured_media":0,"comment_status":"open","ping_status":"open","sticky":false,"template":"","format":"standard","meta":{"footnotes":""},"categories":[2],"tags":[17,38,62,102,585,124,768,767],"class_list":["post-5250","post","type-post","status-publish","format-standard","hentry","category-allgemein","tag-afd","tag-antisemitismus","tag-belgien","tag-deutschland","tag-eugh","tag-europaeische-union","tag-grundrechte","tag-religionsfreiheit"],"_links":{"self":[{"href":"https:\/\/www.tw24.net\/index.php?rest_route=\/wp\/v2\/posts\/5250","targetHints":{"allow":["GET"]}}],"collection":[{"href":"https:\/\/www.tw24.net\/index.php?rest_route=\/wp\/v2\/posts"}],"about":[{"href":"https:\/\/www.tw24.net\/index.php?rest_route=\/wp\/v2\/types\/post"}],"author":[{"embeddable":true,"href":"https:\/\/www.tw24.net\/index.php?rest_route=\/wp\/v2\/users\/1"}],"replies":[{"embeddable":true,"href":"https:\/\/www.tw24.net\/index.php?rest_route=%2Fwp%2Fv2%2Fcomments&post=5250"}],"version-history":[{"count":2,"href":"https:\/\/www.tw24.net\/index.php?rest_route=\/wp\/v2\/posts\/5250\/revisions"}],"predecessor-version":[{"id":5252,"href":"https:\/\/www.tw24.net\/index.php?rest_route=\/wp\/v2\/posts\/5250\/revisions\/5252"}],"wp:attachment":[{"href":"https:\/\/www.tw24.net\/index.php?rest_route=%2Fwp%2Fv2%2Fmedia&parent=5250"}],"wp:term":[{"taxonomy":"category","embeddable":true,"href":"https:\/\/www.tw24.net\/index.php?rest_route=%2Fwp%2Fv2%2Fcategories&post=5250"},{"taxonomy":"post_tag","embeddable":true,"href":"https:\/\/www.tw24.net\/index.php?rest_route=%2Fwp%2Fv2%2Ftags&post=5250"}],"curies":[{"name":"wp","href":"https:\/\/api.w.org\/{rel}","templated":true}]}}