{"id":5370,"date":"2021-02-10T15:21:12","date_gmt":"2021-02-10T13:21:12","guid":{"rendered":"https:\/\/www.tw24.net\/?p=5370"},"modified":"2021-02-10T15:21:12","modified_gmt":"2021-02-10T13:21:12","slug":"abstossende-arroganz","status":"publish","type":"post","link":"https:\/\/www.tw24.net\/?p=5370","title":{"rendered":"Absto\u00dfende Arroganz"},"content":{"rendered":"<p>Im Berliner Bundespr\u00e4sidialamt ist, wie es in einem kurzen Statement selbst <a href=\"https:\/\/www.welt.de\/politik\/ausland\/article226004517\/Nord-Stream-2-Voelliges-Unverstaendnis-Bundespraesidialamt-reagiert-auf-Kritik.html\">mitteilte<\/a>, Kritik aus der Ukraine an Aussagen des deutschen Pr\u00e4sidenten Frank-Walter Steinmeier \u00fcber das russisch-deutsche Pipeline-Projekt Nord Stream 2 auf \u00bbv\u00f6lliges Unverst\u00e4ndnis\u00ab gesto\u00dfen. Die Ausf\u00fchrungen des deutschen Staatsoberhaupts bed\u00fcrften keiner weiteren Erkl\u00e4rung, \u00bbder Text des <a href=\"https:\/\/www.bundespraesident.de\/SharedDocs\/Reden\/DE\/Frank-Walter-Steinmeier\/Interviews\/2021\/210206-Interview-Rheinische-Post.html\">Interviews<\/a>\u00ab spreche \u00bbf\u00fcr sich\u00ab.<\/p>\n<p>Tats\u00e4chlich sprechen Frank-Walter Steinmeiers \u00c4u\u00dferungen ebenso wie seine arrogante Weigerung, auf die Kritik an ihnen auch nur einzugehen, f\u00fcr sich, auf andere Weise allerdings, als man sich das im Spreeweg 1 denken mag. Zun\u00e4chst einmal ist es mit ihnen dem sozialdemokratischen Politiker eindrucksvoll gelungen, all die vorzuf\u00fchren, die Nord Stream 2 als rein \u00bbwirtschaftliches Projekt\u00ab verteidigen.<\/p>\n<p>Doch auch jene, die die Pipeline zu einem \u00bbeurop\u00e4ischen Projekt\u00ab verkl\u00e4ren wollen, blamiert Frank-Walter Steinmeier, wenn er im Gespr\u00e4ch mit der <i>Rheinischen Post<\/i> einen Zusammenhang herstellt zwischen dem Jubil\u00e4um des in der Tat und vor allem eben deutschen \u00dcberfalls auf die Sowjetunion und Nord Stream 2: Es war nicht Europa, das \u00fcber die damalige Sowjetunion herfiel, sondern Deutschland.<\/p>\n<p>Bevor sie freilich Vororte der russischen Hauptstadt Moskau erreichten, unterwarfen und verw\u00fcsteten Deutsche Wehrmacht, SS und ihre Helfershelfer freilich auch die damals zur Sowjetunion geh\u00f6rende Ukrainische Sozialistische Sowjetrepublik. Frank-Walter Steinmeier leugnet die ukrainischen Opfer des deutschen \u00dcberfalls ebenso wie die des stalinistischen W\u00fctens in der Ukraine in der Zeit zuvor.<\/p>\n<p>Die Kaltschn\u00e4uzigkeit, mit der Frank-Walter Steinmeier die daher leider allzu berechtigte Einw\u00e4nde aus der Ukraine zur\u00fcckweisen l\u00e4\u00dft und an seinen \u00c4u\u00dferungen festh\u00e4lt, ist ein Affront gegen\u00fcber der Ukraine, aber auch gegen\u00fcber all den anderen ost- und westeurop\u00e4ischen Staaten und europ\u00e4ischen Institutionen, die Nord Stream 2 nicht erst seit gestern ablehnen. Sein Anbiedern beim Kreml ist absto\u00dfend.<\/p>\n","protected":false},"excerpt":{"rendered":"<p>Im Berliner Bundespr\u00e4sidialamt ist, wie es in einem kurzen Statement selbst mitteilte, Kritik aus der Ukraine an Aussagen des deutschen Pr\u00e4sidenten Frank-Walter Steinmeier \u00fcber das russisch-deutsche Pipeline-Projekt Nord Stream 2 auf \u00bbv\u00f6lliges Unverst\u00e4ndnis\u00ab gesto\u00dfen. Die Ausf\u00fchrungen des deutschen Staatsoberhaupts bed\u00fcrften keiner weiteren Erkl\u00e4rung, \u00bbder Text des Interviews\u00ab spreche \u00bbf\u00fcr sich\u00ab. Tats\u00e4chlich sprechen Frank-Walter Steinmeiers \u00c4u\u00dferungen [&hellip;]<\/p>\n","protected":false},"author":1,"featured_media":0,"comment_status":"open","ping_status":"open","sticky":false,"template":"","format":"standard","meta":{"footnotes":""},"categories":[2],"tags":[42,788,102,144,293,342,787,361,588],"class_list":["post-5370","post","type-post","status-publish","format-standard","hentry","category-allgemein","tag-appeasement","tag-chavinismus","tag-deutschland","tag-frank-walter-steinmeier","tag-nord-stream-2","tag-russland","tag-sowjetunion","tag-spd","tag-ukraine"],"_links":{"self":[{"href":"https:\/\/www.tw24.net\/index.php?rest_route=\/wp\/v2\/posts\/5370","targetHints":{"allow":["GET"]}}],"collection":[{"href":"https:\/\/www.tw24.net\/index.php?rest_route=\/wp\/v2\/posts"}],"about":[{"href":"https:\/\/www.tw24.net\/index.php?rest_route=\/wp\/v2\/types\/post"}],"author":[{"embeddable":true,"href":"https:\/\/www.tw24.net\/index.php?rest_route=\/wp\/v2\/users\/1"}],"replies":[{"embeddable":true,"href":"https:\/\/www.tw24.net\/index.php?rest_route=%2Fwp%2Fv2%2Fcomments&post=5370"}],"version-history":[{"count":1,"href":"https:\/\/www.tw24.net\/index.php?rest_route=\/wp\/v2\/posts\/5370\/revisions"}],"predecessor-version":[{"id":5371,"href":"https:\/\/www.tw24.net\/index.php?rest_route=\/wp\/v2\/posts\/5370\/revisions\/5371"}],"wp:attachment":[{"href":"https:\/\/www.tw24.net\/index.php?rest_route=%2Fwp%2Fv2%2Fmedia&parent=5370"}],"wp:term":[{"taxonomy":"category","embeddable":true,"href":"https:\/\/www.tw24.net\/index.php?rest_route=%2Fwp%2Fv2%2Fcategories&post=5370"},{"taxonomy":"post_tag","embeddable":true,"href":"https:\/\/www.tw24.net\/index.php?rest_route=%2Fwp%2Fv2%2Ftags&post=5370"}],"curies":[{"name":"wp","href":"https:\/\/api.w.org\/{rel}","templated":true}]}}