{"id":5531,"date":"2021-04-19T15:10:23","date_gmt":"2021-04-19T13:10:23","guid":{"rendered":"https:\/\/www.tw24.net\/?p=5531"},"modified":"2021-04-19T15:10:23","modified_gmt":"2021-04-19T13:10:23","slug":"anmassender-appell","status":"publish","type":"post","link":"https:\/\/www.tw24.net\/?p=5531","title":{"rendered":"Anma\u00dfender Appell"},"content":{"rendered":"<p>\u00bbPal\u00e4stinenserpr\u00e4sident\u00ab Abu Mazen hat in einem Gru\u00dfwort zur Er\u00f6ffnung einer Konferenz der Organisation <i>J Street<\/i> daf\u00fcr geworben, die Einstufung seiner PLO als Terrororganisation durch die US-Regierung r\u00fcckg\u00e4ngig zu machen. Die PLO war 1987 durch einem partei\u00fcbergreifend getragenen Beschlu\u00df vom amerikanischen Kongre\u00df als terroristische Organisation \u00bbanerkannt\u00ab und ge\u00e4chtet worden.<\/span><\/p>\n<p class=\"Normal\"><span class=\"tm5\">\u00bbPr\u00e4sident\u00ab Abu Mazen, es sieht sich als Repr\u00e4sentant des Fantasiegebildes \u00bbPal\u00e4stina\u00ab, verkennt mit seinem Appell, da\u00df der Charakter einer Organisation zuallererst durch sie selbst gepr\u00e4gt wird, durch ihr Handeln, ihre Taten. Mit seiner Einstufung der PLO reagierte das Parlament in Washington auf zahlreiche von PLO-Mitgliedern begangene Verbrechen im Nahen Osten und der gesamten Welt.<\/p>\n<p>Angeh\u00f6rige der \u00bbFraktionen\u00ab der PLO, die bis heute als deren Dachorganisation fungiert, hatten unter \u00bbPal\u00e4stinenserf\u00fchrer\u00ab Yassir Arafat weltweit terroristische Anschl\u00e4ge ver\u00fcbt, darunter etwa der \u00dcberfall auf die israelische Mannschaft Mannschaft w\u00e4hrend der Olympischen Spiele 1976 in M\u00fcnchen, der in einem blutigen Massaker endete, und verantwortete zahlreiche Entf\u00fchrungen ziviler Fl\u00fcge.<\/p>\n<p>In Israel f\u00fchrte sie bereits seit 1965 einen Terrorkrieg gegen die j\u00fcdische Bev\u00f6lkerung, dessen Beginn sie auch im Januar 2021 noch feierlich beging. Auch andere ihrer \u00bbOperationen\u00ab feiern die PLO und ihre Mitgliedsorganisationen wie die PFLP bis heute, Verantwortliche wie beispielsweise die Flugzeugentf\u00fchrerin Leila Khaled glorifiziert die PLO bis heute, Jugendliche h\u00e4lt sie an, ihnen nachzueifern.<\/p>\n<p>Doch auch Terrorismus etwas j\u00fcngeren Datums feiert die PLO, die ihren Fantasiestaat \u00bbPal\u00e4stina\u00ab montaliche \u00bbM\u00e4rtyrerrenten\u00ab an \u00bbpal\u00e4stinensische\u00ab Terroristen auszahlen l\u00e4\u00dft oder deren Angeh\u00f6rige. Vorschl\u00e4ge, diese Belohnungen f\u00fcr oft t\u00f6dliche Angriffe auf Juden auslaufen zu lassen, ignoriert die Organisation beharrlich: Die PLO bekennt sich bis heute auf vielf\u00e4ltige Weise zu ihrem Terrorismus.<\/p>\n<p>\u00bbPr\u00e4sident\u00ab Abu Mazen schreckt nicht einmal davor zur\u00fcck, sich regelm\u00e4\u00dfig vor der Vollversammlung der Vereinten Nationen vor den \u00bbK\u00e4mpfern f\u00fcr Frieden und Freiheit\u00ab zu verbeugen, wie er \u00bbpal\u00e4stinensische\u00ab Terroristen nennt. Will er, da\u00df die PLO nicht mehr als terroristisch gilt, sollte er daf\u00fcr sorgen, da\u00df sie sich nicht mehr wie eine Terrororganisation auff\u00fchrt. Vorher ist sein Appell eine Zumutung.<\/p>\n","protected":false},"excerpt":{"rendered":"<p>\u00bbPal\u00e4stinenserpr\u00e4sident\u00ab Abu Mazen hat in einem Gru\u00dfwort zur Er\u00f6ffnung einer Konferenz der Organisation J Street daf\u00fcr geworben, die Einstufung seiner PLO als Terrororganisation durch die US-Regierung r\u00fcckg\u00e4ngig zu machen. Die PLO war 1987 durch einem partei\u00fcbergreifend getragenen Beschlu\u00df vom amerikanischen Kongre\u00df als terroristische Organisation \u00bbanerkannt\u00ab und ge\u00e4chtet worden. \u00bbPr\u00e4sident\u00ab Abu Mazen, es sieht sich als [&hellip;]<\/p>\n","protected":false},"author":1,"featured_media":0,"comment_status":"open","ping_status":"open","sticky":false,"template":"","format":"standard","meta":{"footnotes":""},"categories":[2],"tags":[11,16,38,130,811,309,313,374,397],"class_list":["post-5531","post","type-post","status-publish","format-standard","hentry","category-allgemein","tag-palaestina","tag-abu-mazen","tag-antisemitismus","tag-fatah","tag-j-street","tag-pflp","tag-plo","tag-terrorismus","tag-vereinigte-staaten"],"_links":{"self":[{"href":"https:\/\/www.tw24.net\/index.php?rest_route=\/wp\/v2\/posts\/5531","targetHints":{"allow":["GET"]}}],"collection":[{"href":"https:\/\/www.tw24.net\/index.php?rest_route=\/wp\/v2\/posts"}],"about":[{"href":"https:\/\/www.tw24.net\/index.php?rest_route=\/wp\/v2\/types\/post"}],"author":[{"embeddable":true,"href":"https:\/\/www.tw24.net\/index.php?rest_route=\/wp\/v2\/users\/1"}],"replies":[{"embeddable":true,"href":"https:\/\/www.tw24.net\/index.php?rest_route=%2Fwp%2Fv2%2Fcomments&post=5531"}],"version-history":[{"count":1,"href":"https:\/\/www.tw24.net\/index.php?rest_route=\/wp\/v2\/posts\/5531\/revisions"}],"predecessor-version":[{"id":5532,"href":"https:\/\/www.tw24.net\/index.php?rest_route=\/wp\/v2\/posts\/5531\/revisions\/5532"}],"wp:attachment":[{"href":"https:\/\/www.tw24.net\/index.php?rest_route=%2Fwp%2Fv2%2Fmedia&parent=5531"}],"wp:term":[{"taxonomy":"category","embeddable":true,"href":"https:\/\/www.tw24.net\/index.php?rest_route=%2Fwp%2Fv2%2Fcategories&post=5531"},{"taxonomy":"post_tag","embeddable":true,"href":"https:\/\/www.tw24.net\/index.php?rest_route=%2Fwp%2Fv2%2Ftags&post=5531"}],"curies":[{"name":"wp","href":"https:\/\/api.w.org\/{rel}","templated":true}]}}