{"id":5623,"date":"2021-05-27T15:04:51","date_gmt":"2021-05-27T13:04:51","guid":{"rendered":"https:\/\/www.tw24.net\/?p=5623"},"modified":"2021-05-27T15:04:51","modified_gmt":"2021-05-27T13:04:51","slug":"routine","status":"publish","type":"post","link":"https:\/\/www.tw24.net\/?p=5623","title":{"rendered":"Routine"},"content":{"rendered":"<p>\u00bbUNO-Menschenrechtskommissarin Bachelet\u00ab, <a href=\"https:\/\/ondemand-mp3.dradio.de\/file\/dradio\/2021\/05\/27\/nachrichten_dlf_20210527_1230_dc5fb289.mp3\">meldet<\/a> der <i>Deutschlandfunk<\/i> in seinen \u00bbNachrichten\u00ab am Mittag, \u00bbhat die Gewalt im j\u00fcngsten Konflikt zwischen Israel und militanten Pal\u00e4stinensern verurteilt\u00ab. Michelle Bachelet habe im \u00bbMenschenrechtsrat\u00ab der Vereinten Nationen erkl\u00e4rt, \u00bbes gebe starke Bedenken, ob die israelischen Luftangriffe in \u00dcbereinstimmung mit internationalem Recht st\u00fcnden\u00ab.<\/p>\n<p>\u00bbWenn sich herausstellen sollte, da\u00df sie unverh\u00e4ltnism\u00e4\u00dfig gewesen seien, k\u00f6nne es sich um Kriegsverbrechen handeln\u00ab, zitiert der Sender die \u00bbMenschenrechtskommissarin\u00ab weiter, \u00bbihr l\u00e4gen keine Belege daf\u00fcr vor, da\u00df von der israelischen Armee beschossene Zivilgeb\u00e4ude f\u00fcr milit\u00e4rische Zwecke genutzt worden seien\u00ab. Und damit haben die Flunkerfunker den Sachverhalt wohl korrekt dargestellt.<\/p>\n<p>Michelle Bachelet hat in der Tat einmal mehr getan, wof\u00fcr der \u00bbMenschenrechtsrat\u00ab der Vereinten Nationen und ihr Amt geschaffen wurden: W\u00e4hrend sie Israel mit ihren unbelegten Behauptungen verleumdete und diskreditierte, legitimierte die ehemalige chilenische Pr\u00e4sidentin den \u00bbWiderstand\u00ab der Hamas, die mit Raketenangriffen auf Jerusalem die israelische Reaktion \u00fcberhaupt erst provozierte.<\/p>\n<p>Die in Gaza herrschenden Islamisten erw\u00e4hnte die \u00bbMenschenrechtskommissarin\u00ab zwar durchaus auch, laut <i>DLF<\/i> freilich wird deren \u00bbF\u00fchrung\u00ab nur aufgefordert, \u00bbkeine weiteren Raketen auf Israel abzufeuern\u00ab. Bedenken, ob die bisherigen Raketenangriffe der Islamisten als Kriegsverbrechen bewertet werden k\u00f6nnten, haben weder Michelle Bachelet noch der in Genf tagende \u00bbMenschenrechtsrat\u00ab.<\/p>\n<p>Die \u00bbMenschenrechtskommissarin\u00ab, zu deren Aufgaben die Pflege einer von Judenboykotteuren in aller Welt gesch\u00e4tzten Schwarzen Liste z\u00e4hlt, und der \u00bbMenschenrechtsrat\u00ab, in dessen Auftrag sie agiert, festigen damit ihren redlich verdienten Ruf weiter, als zuverl\u00e4ssige Feinde wirklicher Menschenrechte treue Verb\u00fcndete des Antisemitismus zu sein, den Ha\u00df auf Juden zu f\u00f6rdern, wo sie nur k\u00f6nne.<\/p>\n<p>Dem <i>DLF<\/i> ist es gelungen, ihre ganze kl\u00e4gliche Fixierung auf Israel, die nicht einmal den Gedanken zul\u00e4\u00dft, der Hamas und deren Verb\u00fcndeten \u00e4hnlich schwere Vorw\u00fcrfe zu machen wie dem j\u00fcdischen Staat, blo\u00dfzustellen &#8211; sicherlich ungewollt. Der deutsche Au\u00dfenminister Heiko Maas h\u00e4lt Michelle Bachelet derweil f\u00fcr <a href=\"https:\/\/www.tw24.net\/?p=4561\">\u00bbchronisch unterfinanziert\u00ab<\/a>. Was k\u00f6nnte sie wohl mit besserer Finanzierung leisten?<\/p>\n","protected":false},"excerpt":{"rendered":"<p>\u00bbUNO-Menschenrechtskommissarin Bachelet\u00ab, meldet der Deutschlandfunk in seinen \u00bbNachrichten\u00ab am Mittag, \u00bbhat die Gewalt im j\u00fcngsten Konflikt zwischen Israel und militanten Pal\u00e4stinensern verurteilt\u00ab. Michelle Bachelet habe im \u00bbMenschenrechtsrat\u00ab der Vereinten Nationen erkl\u00e4rt, \u00bbes gebe starke Bedenken, ob die israelischen Luftangriffe in \u00dcbereinstimmung mit internationalem Recht st\u00fcnden\u00ab. \u00bbWenn sich herausstellen sollte, da\u00df sie unverh\u00e4ltnism\u00e4\u00dfig gewesen seien, k\u00f6nne [&hellip;]<\/p>\n","protected":false},"author":1,"featured_media":0,"comment_status":"open","ping_status":"open","sticky":false,"template":"","format":"standard","meta":{"footnotes":""},"categories":[2],"tags":[38,42,102,165,192,270,629,374,386,399],"class_list":["post-5623","post","type-post","status-publish","format-standard","hentry","category-allgemein","tag-antisemitismus","tag-appeasement","tag-deutschland","tag-heiko-maas","tag-islamismus","tag-menschenrechte","tag-michelle-bachelet","tag-terrorismus","tag-unhrc","tag-vereinte-nationen"],"_links":{"self":[{"href":"https:\/\/www.tw24.net\/index.php?rest_route=\/wp\/v2\/posts\/5623","targetHints":{"allow":["GET"]}}],"collection":[{"href":"https:\/\/www.tw24.net\/index.php?rest_route=\/wp\/v2\/posts"}],"about":[{"href":"https:\/\/www.tw24.net\/index.php?rest_route=\/wp\/v2\/types\/post"}],"author":[{"embeddable":true,"href":"https:\/\/www.tw24.net\/index.php?rest_route=\/wp\/v2\/users\/1"}],"replies":[{"embeddable":true,"href":"https:\/\/www.tw24.net\/index.php?rest_route=%2Fwp%2Fv2%2Fcomments&post=5623"}],"version-history":[{"count":1,"href":"https:\/\/www.tw24.net\/index.php?rest_route=\/wp\/v2\/posts\/5623\/revisions"}],"predecessor-version":[{"id":5624,"href":"https:\/\/www.tw24.net\/index.php?rest_route=\/wp\/v2\/posts\/5623\/revisions\/5624"}],"wp:attachment":[{"href":"https:\/\/www.tw24.net\/index.php?rest_route=%2Fwp%2Fv2%2Fmedia&parent=5623"}],"wp:term":[{"taxonomy":"category","embeddable":true,"href":"https:\/\/www.tw24.net\/index.php?rest_route=%2Fwp%2Fv2%2Fcategories&post=5623"},{"taxonomy":"post_tag","embeddable":true,"href":"https:\/\/www.tw24.net\/index.php?rest_route=%2Fwp%2Fv2%2Ftags&post=5623"}],"curies":[{"name":"wp","href":"https:\/\/api.w.org\/{rel}","templated":true}]}}