{"id":5631,"date":"2021-05-31T15:07:51","date_gmt":"2021-05-31T13:07:51","guid":{"rendered":"https:\/\/www.tw24.net\/?p=5631"},"modified":"2021-05-31T15:07:51","modified_gmt":"2021-05-31T13:07:51","slug":"ende-einer-aera","status":"publish","type":"post","link":"https:\/\/www.tw24.net\/?p=5631","title":{"rendered":"Ende einer \u00c4ra"},"content":{"rendered":"<p>Wenn am Mittwoch f\u00fcr den bisherigen Oppositionspolitiker Yair Lapid die Frist f\u00fcr die Bildung einer regierungsf\u00e4higen Koalition abl\u00e4uft, k\u00f6nnte Israel vor der Vorstellung einer Regierung stehen, in der &#8211; abgesehen vom Likud &#8211; so ziemlich jedes politische Lager vertreten sein wird, das es in dem j\u00fcdischen Staat gibt, selbst die Mitwirkung einer oder mehrerer arabischer Parteien scheint wahrscheinlich.<\/p>\n<p>Nachdem Premier Benjamin Netanjahu vor vier Wochen an der Organisation einer Mehrheit f\u00fcr seinen Verbleib im Amt gescheitert war, deutet sich nun ein Erfolg f\u00fcr Yair Lapid an. Dem liberalen Politiker ist es gelungen, sich lager\u00fcbergreifende Unterst\u00fctzung f\u00fcr ein B\u00fcndnis gegen den gesch\u00e4ftsf\u00fchrenden Amtsinhaber zu sichern. Israel k\u00f6nnte von einer sehr \u00bbbunten\u00ab Regierung gef\u00fchrt werden.<\/p>\n<p>Das einende Ziel, Premierminister Benjamin Netanjahu abzul\u00f6sen, k\u00f6nnte allerdings auch die gr\u00f6\u00dfte Schw\u00e4che der gleichwohl noch nicht vorgestellten \u00bbEinheitsregierung\u00ab unter der anf\u00e4nglichen F\u00fchrung Yair Lapid sein, der in zwei Jahren das Amt an Yamina-Chef Naftali Bennett weiterreichen soll. Denn au\u00dfer dem Wunsch, Benjamin Netanjahu abzul\u00f6sen, verbindet die neuen Partner nicht eben viel.<\/p>\n<p>So scheint inhaltlicher Streit in der neuen Regierung vorprogrammiert, so sie denn tats\u00e4chlich gebildet werden wird, Streit, der entweder ihr fr\u00fches Scheitern wahrscheinlich macht, oder f\u00fcr einen politischen Stillstand sorgt, wenn kontroverse Themen aus Angst vor ihm nicht angegangen werden. Und so ist die Nachricht vom m\u00f6glichen Ende der \u00c4ra Benjamin Netanjahus leider nur eine bedingt gute.<\/p>\n","protected":false},"excerpt":{"rendered":"<p>Wenn am Mittwoch f\u00fcr den bisherigen Oppositionspolitiker Yair Lapid die Frist f\u00fcr die Bildung einer regierungsf\u00e4higen Koalition abl\u00e4uft, k\u00f6nnte Israel vor der Vorstellung einer Regierung stehen, in der &#8211; abgesehen vom Likud &#8211; so ziemlich jedes politische Lager vertreten sein wird, das es in dem j\u00fcdischen Staat gibt, selbst die Mitwirkung einer oder mehrerer arabischer [&hellip;]<\/p>\n","protected":false},"author":1,"featured_media":0,"comment_status":"open","ping_status":"open","sticky":false,"template":"","format":"standard","meta":{"footnotes":""},"categories":[2],"tags":[63,96,194,828,829,827],"class_list":["post-5631","post","type-post","status-publish","format-standard","hentry","category-allgemein","tag-benjamin-netanjahu","tag-demokratie","tag-israel","tag-naftali-bennett","tag-regierungsbildung","tag-yair-lapid"],"_links":{"self":[{"href":"https:\/\/www.tw24.net\/index.php?rest_route=\/wp\/v2\/posts\/5631","targetHints":{"allow":["GET"]}}],"collection":[{"href":"https:\/\/www.tw24.net\/index.php?rest_route=\/wp\/v2\/posts"}],"about":[{"href":"https:\/\/www.tw24.net\/index.php?rest_route=\/wp\/v2\/types\/post"}],"author":[{"embeddable":true,"href":"https:\/\/www.tw24.net\/index.php?rest_route=\/wp\/v2\/users\/1"}],"replies":[{"embeddable":true,"href":"https:\/\/www.tw24.net\/index.php?rest_route=%2Fwp%2Fv2%2Fcomments&post=5631"}],"version-history":[{"count":1,"href":"https:\/\/www.tw24.net\/index.php?rest_route=\/wp\/v2\/posts\/5631\/revisions"}],"predecessor-version":[{"id":5632,"href":"https:\/\/www.tw24.net\/index.php?rest_route=\/wp\/v2\/posts\/5631\/revisions\/5632"}],"wp:attachment":[{"href":"https:\/\/www.tw24.net\/index.php?rest_route=%2Fwp%2Fv2%2Fmedia&parent=5631"}],"wp:term":[{"taxonomy":"category","embeddable":true,"href":"https:\/\/www.tw24.net\/index.php?rest_route=%2Fwp%2Fv2%2Fcategories&post=5631"},{"taxonomy":"post_tag","embeddable":true,"href":"https:\/\/www.tw24.net\/index.php?rest_route=%2Fwp%2Fv2%2Ftags&post=5631"}],"curies":[{"name":"wp","href":"https:\/\/api.w.org\/{rel}","templated":true}]}}