{"id":5669,"date":"2021-06-16T13:15:07","date_gmt":"2021-06-16T11:15:07","guid":{"rendered":"https:\/\/www.tw24.net\/?p=5669"},"modified":"2021-06-16T13:47:04","modified_gmt":"2021-06-16T11:47:04","slug":"radio-hamas","status":"publish","type":"post","link":"https:\/\/www.tw24.net\/?p=5669","title":{"rendered":"Radio Hamas"},"content":{"rendered":"<p class=\"Normal\"><span class=\"tm6\">Die in Gaza herrschende Hamas ist vielerorts als terroristische Organisation ge\u00e4chtet, in den Vereinigten Staaten beispielsweise, in Kanada oder auch der Europ\u00e4ischen Union. In Deutschland wurde j\u00fcngst zwar ein Verbot, Flaggen und andere Symbole der Hamas \u00f6ffentlich zu zeigen, diskutiert, die kurze Debatte hatte freilich keine weiteren Folgen. <i>Radio Hamas<\/i> kann daher auch noch aus K\u00f6ln senden.<\/p>\n<p>In seinen \u00bbNachrichten\u00ab <a href=\"https:\/\/www.deutschlandfunk.de\/nahost-konflikt-brandballons-aus-gazastreifen-israel-fliegt.2932.de.html?drn:news_id=1270312\">meldet<\/a> der deutsche Propagandasender der Islamisten heute, israelische Streitkr\u00e4fte h\u00e4tten \u00bberneut\u00ab Ziele in Gaza angegriffen. \u00bbDie Armee reagierte damit nach eigenen Angaben auf Angriffe mit Brandballons, durch die mehrere Feuer verursacht worden seien. [..] Den Brandballons vorausgegangen war ein Marsch israelischer Siedler und Nationalisten durch Jerusalem [..].\u00ab<\/p>\n<p>Die <strike>Deutschlan<\/strike> Hamas-Funker stellen damit einen unmittelbaren Zusammenhang her zwischen einer zwar in der Tat stellenweise recht unappetitlichen Demonstration, die aber jedenfalls keine offizielle Veranstaltung des Staates Israel war, und terroristischen Angriffen der Hamas auf Israel. Die Angriffe mit Brandballons erscheinen so als gerechtfertigte Antwort auf den \u00bbumstrittene[n] Flaggenmarsch\u00ab.<\/p>\n<p>Der K\u00f6lner Sender legitimiert mit dieser Darstellung terroristische Angriffe der Hamas, die bereits gro\u00dfe Sch\u00e4den in Israel anrichteten, und weist dem j\u00fcdischen Staat die Verantwortung f\u00fcr die \u00bbReaktion\u00ab der Islamisten zu. Nur der Korrespondent des Senders vor Ort spurt noch nicht: Er <a href=\"https:\/\/ondemand-mp3.dradio.de\/file\/dradio\/2021\/06\/16\/nach_flaggenmarsch_und_brandsaetzen_israel_greift_ziele_in_dlf_20210616_0555_96b73594.mp3\">berichtete<\/a>, \u00bbschon vor Beginn des Marsches hatten Pal\u00e4stinenser Luftballons mit Brands\u00e4tzen in Richtung Israel geschickt\u00ab.<\/p>\n<p>Eine Anfrage, welche der widersprechenden Darstellungen <a href=\"https:\/\/www.timesofisrael.com\/incendiary-balloons-from-gaza-spark-fires-in-south-ahead-of-jerusalem-flag-march\/\">korrekt<\/a> sei, liegt <strike><i>dem Deutschlandf<\/i><\/strike> <i>Radio Hamas<\/i> seit den Morgenstunden vor, f\u00fcr eine Antwort hatten die Propagandisten in K\u00f6ln allerdings offenbar noch keine Zeit. Der Sender <a href=\"https:\/\/www.deutschlandradio.de\/leitbild.3226.de.html\">\u00bbsteht\u00ab<\/a> eben gewi\u00df nicht zu Unrecht \u00bbf\u00fcr bestimmte Werte und f\u00fcr ein Selbstverst\u00e4ndnis, das \u00fcber die reinen Fakten der journalistischen Angebote hinausgeht\u00ab.<\/p>\n","protected":false},"excerpt":{"rendered":"<p>Die in Gaza herrschende Hamas ist vielerorts als terroristische Organisation ge\u00e4chtet, in den Vereinigten Staaten beispielsweise, in Kanada oder auch der Europ\u00e4ischen Union. In Deutschland wurde j\u00fcngst zwar ein Verbot, Flaggen und andere Symbole der Hamas \u00f6ffentlich zu zeigen, diskutiert, die kurze Debatte hatte freilich keine weiteren Folgen. Radio Hamas kann daher auch noch aus [&hellip;]<\/p>\n","protected":false},"author":1,"featured_media":0,"comment_status":"open","ping_status":"open","sticky":false,"template":"","format":"standard","meta":{"footnotes":""},"categories":[2],"tags":[102,474,109,148,157,833,320,374],"class_list":["post-5669","post","type-post","status-publish","format-standard","hentry","category-allgemein","tag-deutschland","tag-deutschlandfunk","tag-dlf","tag-gaza","tag-hamas","tag-journalismus","tag-propaganda","tag-terrorismus"],"_links":{"self":[{"href":"https:\/\/www.tw24.net\/index.php?rest_route=\/wp\/v2\/posts\/5669","targetHints":{"allow":["GET"]}}],"collection":[{"href":"https:\/\/www.tw24.net\/index.php?rest_route=\/wp\/v2\/posts"}],"about":[{"href":"https:\/\/www.tw24.net\/index.php?rest_route=\/wp\/v2\/types\/post"}],"author":[{"embeddable":true,"href":"https:\/\/www.tw24.net\/index.php?rest_route=\/wp\/v2\/users\/1"}],"replies":[{"embeddable":true,"href":"https:\/\/www.tw24.net\/index.php?rest_route=%2Fwp%2Fv2%2Fcomments&post=5669"}],"version-history":[{"count":2,"href":"https:\/\/www.tw24.net\/index.php?rest_route=\/wp\/v2\/posts\/5669\/revisions"}],"predecessor-version":[{"id":5671,"href":"https:\/\/www.tw24.net\/index.php?rest_route=\/wp\/v2\/posts\/5669\/revisions\/5671"}],"wp:attachment":[{"href":"https:\/\/www.tw24.net\/index.php?rest_route=%2Fwp%2Fv2%2Fmedia&parent=5669"}],"wp:term":[{"taxonomy":"category","embeddable":true,"href":"https:\/\/www.tw24.net\/index.php?rest_route=%2Fwp%2Fv2%2Fcategories&post=5669"},{"taxonomy":"post_tag","embeddable":true,"href":"https:\/\/www.tw24.net\/index.php?rest_route=%2Fwp%2Fv2%2Ftags&post=5669"}],"curies":[{"name":"wp","href":"https:\/\/api.w.org\/{rel}","templated":true}]}}