{"id":5683,"date":"2021-06-22T11:28:45","date_gmt":"2021-06-22T09:28:45","guid":{"rendered":"https:\/\/www.tw24.net\/?p=5683"},"modified":"2021-06-22T11:28:45","modified_gmt":"2021-06-22T09:28:45","slug":"unheilbar-gutes-gewissen","status":"publish","type":"post","link":"https:\/\/www.tw24.net\/?p=5683","title":{"rendered":"Unheilbar gutes Gewissen"},"content":{"rendered":"<p>Seit einigen Tagen ist eine, dieses Adjektiv war den Auftraggebern wichtig, <a href=\"http:\/\/www.gei.de\/de\/abteilungen\/wissen-im-umbruch\/analyse-palaestinensischer-schulbuecher-paltex.html\">wissenschaftliche Auswertung<\/a> \u00bbpal\u00e4stinensischer\u00ab Lehrb\u00fccher \u00f6ffentlich verf\u00fcgbar, von der sich Europ\u00e4ische Kommission und Regierungen der EU-Mitgliedsstaaten Entlastung von dem Vorwurf erhofften, sie f\u00f6rderten unter dem Deckmantel \u00bbhumanit\u00e4rer Hilfe\u00ab Antisemitismus und die Verherrlichung von Terrorismus.<\/p>\n<p>Schon ein kursorisches \u00dcberfliegen der knapp 200 Seiten macht allerdings deutlich, da\u00df es den Verfassern der Studie nicht gelungen ist, das gew\u00fcnschte Ergebnis zu liefern. Tats\u00e4chlich best\u00e4tigt ihr \u00bbReport on Palestinian Textbooks\u00ab allerdings \u00bbnur\u00ab, was man in vielen Hauptst\u00e4dten Europas und am Sitz der Europ\u00e4ischen Kommission noch immer nur allzu gern ignorieren und beschweigen w\u00fcrde.<\/p>\n<p>Mit ihrem \u00bbhumanit\u00e4ren Engagement\u00ab f\u00fcr die \u00bbPal\u00e4stinenser\u00ab sind die EU und ihre nationalen Regierungen, manche mehr, andere weniger, Zuh\u00e4lterinnen des antisemitischen Terrorismus\u2019, der sich gegen Juden in aller Welt und <i>den<\/i> j\u00fcdischen Staat richtet. Wollte Kommissionspr\u00e4sidentin Ursula von der Leyen die Studie deshalb unter Verschlu\u00df halten, sollen ihre Ergebnisse nun keine Folgen haben.<\/p>\n<p>Kaum anders jedenfalls lassen sich die politischen Reaktionen auf die Ver\u00f6ffentlichung der Untersuchung deuten, die es n\u00e4mlich vor allem nicht gibt. So herrscht etwa in Berlin entlarvendes Schweigen, obwohl man dort doch Ende 2018 die Ergebnisse \u00bbunabh\u00e4ngige[r] Untersuchungen der neuen pal\u00e4stinensischen Schulb\u00fccher nach wissenschaftlichen Kriterien [..] schon Anfang 2019\u00ab <a href=\"https:\/\/www.bild.de\/politik\/inland\/politik-inland\/lehrplan-in-palaestina-neue-schulbuecher-ehren-terroristen-58793620.bild.html\">erwartete<\/a>.<\/p>\n<p>Und dort, wo nicht geschwiegen wird, werden &#8211; nicht weniger blo\u00dfstellend &#8211; Forderungen nach Reaktionen zur\u00fcckgewiesen. So soll Josep Borrell Fontelles, der \u00bbHohe Au\u00dfenbeauftragte\u00ab der Europ\u00e4ischen Union, K\u00fcrzungen der europ\u00e4ischen Finanztransfers an die \u00bbPal\u00e4stinenserf\u00fchrung\u00ab bereits <a href=\"https:\/\/www.jpost.com\/israel-news\/eu-commissioner-calls-to-reconsider-aid-after-antisemitism-in-pa-textbooks-671683\">ausgeschlossen<\/a> haben. Antisemitismus und Terror gegen Juden bek\u00e4mpft Europa nur in Sonntagsreden.<\/p>\n","protected":false},"excerpt":{"rendered":"<p>Seit einigen Tagen ist eine, dieses Adjektiv war den Auftraggebern wichtig, wissenschaftliche Auswertung \u00bbpal\u00e4stinensischer\u00ab Lehrb\u00fccher \u00f6ffentlich verf\u00fcgbar, von der sich Europ\u00e4ische Kommission und Regierungen der EU-Mitgliedsstaaten Entlastung von dem Vorwurf erhofften, sie f\u00f6rderten unter dem Deckmantel \u00bbhumanit\u00e4rer Hilfe\u00ab Antisemitismus und die Verherrlichung von Terrorismus. Schon ein kursorisches \u00dcberfliegen der knapp 200 Seiten macht allerdings deutlich, [&hellip;]<\/p>\n","protected":false},"author":1,"featured_media":0,"comment_status":"open","ping_status":"open","sticky":false,"template":"","format":"standard","meta":{"footnotes":""},"categories":[2],"tags":[11,38,42,69,124,374],"class_list":["post-5683","post","type-post","status-publish","format-standard","hentry","category-allgemein","tag-palaestina","tag-antisemitismus","tag-appeasement","tag-bildung","tag-europaeische-union","tag-terrorismus"],"_links":{"self":[{"href":"https:\/\/www.tw24.net\/index.php?rest_route=\/wp\/v2\/posts\/5683","targetHints":{"allow":["GET"]}}],"collection":[{"href":"https:\/\/www.tw24.net\/index.php?rest_route=\/wp\/v2\/posts"}],"about":[{"href":"https:\/\/www.tw24.net\/index.php?rest_route=\/wp\/v2\/types\/post"}],"author":[{"embeddable":true,"href":"https:\/\/www.tw24.net\/index.php?rest_route=\/wp\/v2\/users\/1"}],"replies":[{"embeddable":true,"href":"https:\/\/www.tw24.net\/index.php?rest_route=%2Fwp%2Fv2%2Fcomments&post=5683"}],"version-history":[{"count":1,"href":"https:\/\/www.tw24.net\/index.php?rest_route=\/wp\/v2\/posts\/5683\/revisions"}],"predecessor-version":[{"id":5684,"href":"https:\/\/www.tw24.net\/index.php?rest_route=\/wp\/v2\/posts\/5683\/revisions\/5684"}],"wp:attachment":[{"href":"https:\/\/www.tw24.net\/index.php?rest_route=%2Fwp%2Fv2%2Fmedia&parent=5683"}],"wp:term":[{"taxonomy":"category","embeddable":true,"href":"https:\/\/www.tw24.net\/index.php?rest_route=%2Fwp%2Fv2%2Fcategories&post=5683"},{"taxonomy":"post_tag","embeddable":true,"href":"https:\/\/www.tw24.net\/index.php?rest_route=%2Fwp%2Fv2%2Ftags&post=5683"}],"curies":[{"name":"wp","href":"https:\/\/api.w.org\/{rel}","templated":true}]}}