{"id":5687,"date":"2021-06-24T14:45:57","date_gmt":"2021-06-24T12:45:57","guid":{"rendered":"https:\/\/www.tw24.net\/?p=5687"},"modified":"2021-06-24T14:45:57","modified_gmt":"2021-06-24T12:45:57","slug":"mordsregime","status":"publish","type":"post","link":"https:\/\/www.tw24.net\/?p=5687","title":{"rendered":"Mordsregime"},"content":{"rendered":"<p>Vor vier Wochen, am 22. Mai, sollten in den umstrittenen Gebieten und Gaza \u00bbWahlen\u00ab inszeniert werden f\u00fcr ein neues \u00bbpal\u00e4stinensisches Parlament\u00ab, f\u00fcr den 31. Juli war eine \u00bbPr\u00e4sidentschaftswahl\u00ab geplant. Ende April freilich \u00fcberlegten \u00bbPal\u00e4stinenserpr\u00e4sident\u00ab Abu Mazen und seine Clique es sich anders und \u00bbverschoben\u00ab die \u00bbWahlen\u00ab unter einem Vorwand f\u00fcr einen unbestimmten Zeitraum.<\/p>\n<p>Der \u00bbPal\u00e4stinenserf\u00fchrung\u00ab war aufgegangen, da\u00df sie aus dieser Auseinandersetzung mit der Hamas, aber auch anderen Kr\u00e4ften kaum erfolgreich w\u00fcrde hervorgehen k\u00f6nnen, zumal ihre \u00bbPartei\u00ab, die Fatah, sich durch interne Streitereien, denen g\u00fcnstigenfalls der Ausschlu\u00df unliebsamer interner Konkurrenten und in anderen F\u00e4llen Drohungen mit und Anwendung von Gewalt folgten, selbst schw\u00e4chte.<\/p>\n<p>Zwar sind die \u00bbWahlen\u00ab de facto abgesagt, die \u00bbAufr\u00e4umarbeiten\u00ab des PLO-Regimes gehen aber offenbar weiter: Potentielle Opponenten, Kritiker, derer es habhaft werden kann, l\u00e4\u00dft die \u00bbPal\u00e4stinenserf\u00fchrung\u00ab durch ihre von der EU geschulten \u00bbSicherheitskr\u00e4fte\u00ab aus dem Weg r\u00e4umen, wie nun den offenbar nicht unpopul\u00e4ren Regimekritiker Nizar Banat, der seine letzte Verhaftung nicht \u00fcberlebte.<\/p>\n<p>In ihrem Umgang mit Kritikern erweist die \u00bbPal\u00e4stinenserf\u00fchrung\u00ab sich einmal mehr als so unf\u00e4hig wie unwillig, die Grundlagen f\u00fcr ein demokratisches Gemeinwesen zu schaffen, aus dem nach internationalem Wunsch einmal \u00bbPal\u00e4stina\u00ab hervorgehen soll. Sie geht dabei inzwischen so skrupellos vor, da\u00df selbst ihre gro\u00dfz\u00fcgigste Unterst\u00fctzerin, die EU, Anla\u00df zu gleichwohl heuchlerischer \u00bbSorge\u00ab sieht.<\/p>\n","protected":false},"excerpt":{"rendered":"<p>Vor vier Wochen, am 22. Mai, sollten in den umstrittenen Gebieten und Gaza \u00bbWahlen\u00ab inszeniert werden f\u00fcr ein neues \u00bbpal\u00e4stinensisches Parlament\u00ab, f\u00fcr den 31. Juli war eine \u00bbPr\u00e4sidentschaftswahl\u00ab geplant. Ende April freilich \u00fcberlegten \u00bbPal\u00e4stinenserpr\u00e4sident\u00ab Abu Mazen und seine Clique es sich anders und \u00bbverschoben\u00ab die \u00bbWahlen\u00ab unter einem Vorwand f\u00fcr einen unbestimmten Zeitraum. Der \u00bbPal\u00e4stinenserf\u00fchrung\u00ab [&hellip;]<\/p>\n","protected":false},"author":1,"featured_media":0,"comment_status":"open","ping_status":"open","sticky":false,"template":"","format":"standard","meta":{"footnotes":""},"categories":[2],"tags":[11,16,130,313,374],"class_list":["post-5687","post","type-post","status-publish","format-standard","hentry","category-allgemein","tag-palaestina","tag-abu-mazen","tag-fatah","tag-plo","tag-terrorismus"],"_links":{"self":[{"href":"https:\/\/www.tw24.net\/index.php?rest_route=\/wp\/v2\/posts\/5687","targetHints":{"allow":["GET"]}}],"collection":[{"href":"https:\/\/www.tw24.net\/index.php?rest_route=\/wp\/v2\/posts"}],"about":[{"href":"https:\/\/www.tw24.net\/index.php?rest_route=\/wp\/v2\/types\/post"}],"author":[{"embeddable":true,"href":"https:\/\/www.tw24.net\/index.php?rest_route=\/wp\/v2\/users\/1"}],"replies":[{"embeddable":true,"href":"https:\/\/www.tw24.net\/index.php?rest_route=%2Fwp%2Fv2%2Fcomments&post=5687"}],"version-history":[{"count":1,"href":"https:\/\/www.tw24.net\/index.php?rest_route=\/wp\/v2\/posts\/5687\/revisions"}],"predecessor-version":[{"id":5688,"href":"https:\/\/www.tw24.net\/index.php?rest_route=\/wp\/v2\/posts\/5687\/revisions\/5688"}],"wp:attachment":[{"href":"https:\/\/www.tw24.net\/index.php?rest_route=%2Fwp%2Fv2%2Fmedia&parent=5687"}],"wp:term":[{"taxonomy":"category","embeddable":true,"href":"https:\/\/www.tw24.net\/index.php?rest_route=%2Fwp%2Fv2%2Fcategories&post=5687"},{"taxonomy":"post_tag","embeddable":true,"href":"https:\/\/www.tw24.net\/index.php?rest_route=%2Fwp%2Fv2%2Ftags&post=5687"}],"curies":[{"name":"wp","href":"https:\/\/api.w.org\/{rel}","templated":true}]}}