{"id":5740,"date":"2021-07-14T14:07:59","date_gmt":"2021-07-14T12:07:59","guid":{"rendered":"https:\/\/www.tw24.net\/?p=5740"},"modified":"2021-07-14T14:07:59","modified_gmt":"2021-07-14T12:07:59","slug":"multitasking","status":"publish","type":"post","link":"https:\/\/www.tw24.net\/?p=5740","title":{"rendered":"Multitasking"},"content":{"rendered":"<p>In Ramallah ist, wie die vom Regime um \u00bbPr\u00e4sident\u00ab Abu Mazen betriebene \u00bbNachrichtenagentur\u00ab <i>Wafa<\/i> meldet, Suha Ghassan Jarrar beigesetzt worden. Die Mitarbeiterin der \u00bbMenschenrechtsorganisation\u00ab Al-Haq war, wie es hei\u00dft, am Sonntag an einem unerwarteten Herzschlag verstorben. Die 31j\u00e4hrige \u00bbPal\u00e4stinenserin\u00ab wurde, das ist die eigentliche \u00bbNachricht\u00ab, in Abwesenheit ihrer Mutter beigesetzt.<\/p>\n<p>Khalida Jarrar n\u00e4mlich verb\u00fc\u00dft derzeit eine &#8211; bald ablaufende &#8211; Haftstrafe in Israel, zu der sie wegen ihrer Mitgliedschaft in der Terrororganisation PFLP und ihrer Verwicklung in einen terroristischen Anschlag, bei dem die junge Rina Shnerb ermordet wurde, verurteilt worden war. <i>Wafa<\/i> stellt Khalida Jarrar denn auch als \u00bbranghohes Mitglied\u00ab der PFLP vor, eine durchaus bemerkenswerte Darstellung.<\/p>\n<p>Denn anderswo <a href=\"https:\/\/www.amnesty.de\/mitmachen\/erfolg\/israel-und-besetzte-gebiete-khalida-jarrar-wieder-frei-2019-03-08\">gilt<\/a> Khalida Jarrar tats\u00e4chlich noch immer als \u00bbAktivistin\u00ab, die \u00bbwegen ihres politischen und menschenrechtlichen Engagements bereits seit Jahrzehnten von den israelischen Beh\u00f6rden drangsaliert und eingesch\u00fcchtert\u00ab werde, Zeitvertreiben, die <i>Wafa<\/i>, das immerhin amtliche Sprachrohr des PLO-Regimes in Ramallah vermutlich nicht g\u00e4nzlich grundlos nicht erw\u00e4hnenswert findet.<\/p>\n<p>Umgekehrt <a href=\"https:\/\/web.archive.org\/web\/20210301145905\/https:\/\/www.addameer.org\/news\/press-release\/en\/khalidajarra\">verschweigt<\/a> freilich auch die \u00bbNichtregierungsorganisation\u00ab Addameer noch im M\u00e4rz 2021, weshalb ihre hier als \u00bbpolitische Aktivistin\u00ab vorgestellte ehemalige Vorsitzende Ende Oktober 2019 festgesetzt wurde, als sie im Aufsichtsrat der \u00bbNGO\u00ab sa\u00df. Beide \u00bbBesch\u00e4ftigungen\u00ab Khalida Jarrars zu erw\u00e4hnen, die f\u00fcr die Terrororganisation und die f\u00fcr die \u00bbNGO\u00ab, ist ja auch unpraktisch.<\/p>\n<p>Denn dadurch w\u00fcrden die engen Beziehungen zwischen dem antisemitischen Terrorismus etwa der PFLP und \u00bbNGO\u00ab als deren \u00bbzivile Aush\u00e4ngeschilder\u00ab nur allzu offensichtlich. Khalida Jarrars Addameer etwa sammelte Geld ein von vielen europ\u00e4ischen Gebern, darunter die Regierung in Bern oder die deutsche Heinrich-B\u00f6ll-Stiftung. Wie wahrscheinlich ist wohl, das es nicht bei der PFLP landete?<\/p>\n","protected":false},"excerpt":{"rendered":"<p>In Ramallah ist, wie die vom Regime um \u00bbPr\u00e4sident\u00ab Abu Mazen betriebene \u00bbNachrichtenagentur\u00ab Wafa meldet, Suha Ghassan Jarrar beigesetzt worden. Die Mitarbeiterin der \u00bbMenschenrechtsorganisation\u00ab Al-Haq war, wie es hei\u00dft, am Sonntag an einem unerwarteten Herzschlag verstorben. Die 31j\u00e4hrige \u00bbPal\u00e4stinenserin\u00ab wurde, das ist die eigentliche \u00bbNachricht\u00ab, in Abwesenheit ihrer Mutter beigesetzt. Khalida Jarrar n\u00e4mlich verb\u00fc\u00dft derzeit [&hellip;]<\/p>\n","protected":false},"author":1,"featured_media":0,"comment_status":"open","ping_status":"open","sticky":false,"template":"","format":"standard","meta":{"footnotes":""},"categories":[2],"tags":[10,599,22,38,120,121,166,598,270,309,528,374],"class_list":["post-5740","post","type-post","status-publish","format-standard","hentry","category-allgemein","tag-ngo","tag-addameer","tag-aktivismus","tag-antisemitismus","tag-eu","tag-europa","tag-heinrich-boell-stiftung","tag-khalida-jarrar","tag-menschenrechte","tag-pflp","tag-schweiz","tag-terrorismus"],"_links":{"self":[{"href":"https:\/\/www.tw24.net\/index.php?rest_route=\/wp\/v2\/posts\/5740","targetHints":{"allow":["GET"]}}],"collection":[{"href":"https:\/\/www.tw24.net\/index.php?rest_route=\/wp\/v2\/posts"}],"about":[{"href":"https:\/\/www.tw24.net\/index.php?rest_route=\/wp\/v2\/types\/post"}],"author":[{"embeddable":true,"href":"https:\/\/www.tw24.net\/index.php?rest_route=\/wp\/v2\/users\/1"}],"replies":[{"embeddable":true,"href":"https:\/\/www.tw24.net\/index.php?rest_route=%2Fwp%2Fv2%2Fcomments&post=5740"}],"version-history":[{"count":1,"href":"https:\/\/www.tw24.net\/index.php?rest_route=\/wp\/v2\/posts\/5740\/revisions"}],"predecessor-version":[{"id":5741,"href":"https:\/\/www.tw24.net\/index.php?rest_route=\/wp\/v2\/posts\/5740\/revisions\/5741"}],"wp:attachment":[{"href":"https:\/\/www.tw24.net\/index.php?rest_route=%2Fwp%2Fv2%2Fmedia&parent=5740"}],"wp:term":[{"taxonomy":"category","embeddable":true,"href":"https:\/\/www.tw24.net\/index.php?rest_route=%2Fwp%2Fv2%2Fcategories&post=5740"},{"taxonomy":"post_tag","embeddable":true,"href":"https:\/\/www.tw24.net\/index.php?rest_route=%2Fwp%2Fv2%2Ftags&post=5740"}],"curies":[{"name":"wp","href":"https:\/\/api.w.org\/{rel}","templated":true}]}}