{"id":5859,"date":"2021-09-05T12:47:46","date_gmt":"2021-09-05T10:47:46","guid":{"rendered":"https:\/\/www.tw24.net\/?p=5859"},"modified":"2021-09-05T12:47:46","modified_gmt":"2021-09-05T10:47:46","slug":"neue-kopf-alter-geist","status":"publish","type":"post","link":"https:\/\/www.tw24.net\/?p=5859","title":{"rendered":"Neue Kopf, alter Geist"},"content":{"rendered":"<p>Seit kurzem wird Deutschland von Oliver Owcza beim PLO-Regime in Ramallah <a href=\"https:\/\/ramallah.diplo.de\/ps-de\/botschaft\/-\/1442910\">vertreten<\/a>. Der zuvor in Libyen als Botschafter Berlins t\u00e4tige neue deutsche Gesandte l\u00f6st Christian Clages ab, der vor allem mit antisemitischen Aktivit\u00e4ten <a href=\"https:\/\/www.bild.de\/politik\/ausland\/politik-ausland\/antisemitismus-skandal-um-deutschen-top-diplomaten-in-ramallah-63352374.bild.html\">Schlagzeilen<\/a> zu machen vermochte. Mit seinen ersten Amtshandlungen zeigt Oliver Owcza, da\u00df mit dem neuen Kopf kein neuer Geist in Ramallah angekommen ist.<\/p>\n<p><img loading=\"lazy\" decoding=\"async\" src=\"https:\/\/www.tw24.net\/wp-content\/uploads\/2021\/09\/GerRepRama_20210829.png\" alt=\"\" width=\"470\" height=\"153\" class=\"aligncenter size-full wp-image-5860\" srcset=\"https:\/\/www.tw24.net\/wp-content\/uploads\/2021\/09\/GerRepRama_20210829.png 470w, https:\/\/www.tw24.net\/wp-content\/uploads\/2021\/09\/GerRepRama_20210829-300x98.png 300w\" sizes=\"auto, (max-width: 470px) 100vw, 470px\" \/><\/p>\n<p>Ende August traf er sich mit Issa Amro und <a href=\"https:\/\/twitter.com\/GermanRepRama\/status\/1431878021502406657\">bedankte<\/a> sich anschlie\u00dfend \u00f6ffentlich f\u00fcr einen \u00bbherzlichen Empfang\u00ab und ein \u00bbumfassendes Briefing\u00ab bei dem in Hebron ans\u00e4ssigen Gr\u00fcnder der Organisation <i>Youth Against Settlements<\/i>. Die ehrt get\u00f6tete \u00bbpal\u00e4stinensische\u00ab Terroristen als \u00bbM\u00e4rtyrer\u00ab, steht der antisemitischen BDS-Bewegung nahe und hat wie sie ein ganz grunds\u00e4tzliches <a href=\"https:\/\/de-de.facebook.com\/media.yas\/posts\/10157700009651829?__xts__[0]=68.ARDjb_UHUQSV7ELHBOxN4mhF3aDAGlCIwFPfUss51p1aJGIiDH0_k2zho7pIKwQFVByjdyJNwLN9x12LLAKRS3gxUdPOfzjTPo0cdYfUeJp3-LPyUJzEKTIbYqjr-MCggWpHIwi4wx05JN5z494uDf_guCNiRKWM1HQnWcd9tq1Lh9v\">Problem<\/a> mit Israel.<\/p>\n<p>Issa Amro selbst, Oliver Owczas freundlicher Ratgeber, <a href=\"https:\/\/twitter.com\/Issaamro\/status\/1103558734524153856\">verleumdet<\/a> Israel als \u00bbApartheidstaat\u00ab, der von <a href=\"https:\/\/twitter.com\/Issaamro\/status\/1110552735232000001\">\u00bbFaschisten\u00ab<\/a> regiert werde, und <a href=\"https:\/\/twitter.com\/Issaamro\/status\/1106518071257247744\">spinnt<\/a> Verschw\u00f6rungstheorien, die nicht als antisemitisch zu bezeichnen wohl mindestens fahrl\u00e4ssig w\u00e4re. Der \u00bbFriedensaktivist\u00ab, <a href=\"https:\/\/www.kas.de\/web\/palaestinensische-gebiete\/veranstaltungsberichte\/detail\/-\/content\/besuch-der-cdu-landtagsfraktion-aus-schleswig-holstein\">so<\/a> die deutsche Konrad-Adenauer-Stiftung \u00fcber ihn, schreckt nicht einmal davor zur\u00fcck, Juden pauschal als Massenm\u00f6rder zu <a href=\"https:\/\/twitter.com\/Issaamro\/status\/1106657654393450497\">diffamieren<\/a>.<\/p>\n<p>Im M\u00e4rz 2021 endete der einj\u00e4hrige deutsche Vorsitz in der International Holocaust Remembrance Alliance (IHRA), deren Antisemitismusdefinition Berlin bereits im Sommer 2017 <a href=\"https:\/\/www.dw.com\/en\/german-government-adopts-international-anti-semitism-definition\/a-40608166\">\u00fcbernahm<\/a>. Issa Amros \u00c4u\u00dferungen sind nach dieser Definition die eines Antisemiten. Ein deutscher Gesandter, der sich f\u00fcr den \u00bbumfangreichen Rat\u00ab eines Issa Amro bedankt, legitimiert auch dessen Antisemitismus.<\/p>\n","protected":false},"excerpt":{"rendered":"<p>Seit kurzem wird Deutschland von Oliver Owcza beim PLO-Regime in Ramallah vertreten. Der zuvor in Libyen als Botschafter Berlins t\u00e4tige neue deutsche Gesandte l\u00f6st Christian Clages ab, der vor allem mit antisemitischen Aktivit\u00e4ten Schlagzeilen zu machen vermochte. Mit seinen ersten Amtshandlungen zeigt Oliver Owcza, da\u00df mit dem neuen Kopf kein neuer Geist in Ramallah angekommen [&hellip;]<\/p>\n","protected":false},"author":1,"featured_media":0,"comment_status":"open","ping_status":"open","sticky":false,"template":"","format":"standard","meta":{"footnotes":""},"categories":[2],"tags":[11,38,49,102,165,875,374],"class_list":["post-5859","post","type-post","status-publish","format-standard","hentry","category-allgemein","tag-palaestina","tag-antisemitismus","tag-auswaertiges-amt","tag-deutschland","tag-heiko-maas","tag-oliver-owcza","tag-terrorismus"],"_links":{"self":[{"href":"https:\/\/www.tw24.net\/index.php?rest_route=\/wp\/v2\/posts\/5859","targetHints":{"allow":["GET"]}}],"collection":[{"href":"https:\/\/www.tw24.net\/index.php?rest_route=\/wp\/v2\/posts"}],"about":[{"href":"https:\/\/www.tw24.net\/index.php?rest_route=\/wp\/v2\/types\/post"}],"author":[{"embeddable":true,"href":"https:\/\/www.tw24.net\/index.php?rest_route=\/wp\/v2\/users\/1"}],"replies":[{"embeddable":true,"href":"https:\/\/www.tw24.net\/index.php?rest_route=%2Fwp%2Fv2%2Fcomments&post=5859"}],"version-history":[{"count":1,"href":"https:\/\/www.tw24.net\/index.php?rest_route=\/wp\/v2\/posts\/5859\/revisions"}],"predecessor-version":[{"id":5861,"href":"https:\/\/www.tw24.net\/index.php?rest_route=\/wp\/v2\/posts\/5859\/revisions\/5861"}],"wp:attachment":[{"href":"https:\/\/www.tw24.net\/index.php?rest_route=%2Fwp%2Fv2%2Fmedia&parent=5859"}],"wp:term":[{"taxonomy":"category","embeddable":true,"href":"https:\/\/www.tw24.net\/index.php?rest_route=%2Fwp%2Fv2%2Fcategories&post=5859"},{"taxonomy":"post_tag","embeddable":true,"href":"https:\/\/www.tw24.net\/index.php?rest_route=%2Fwp%2Fv2%2Ftags&post=5859"}],"curies":[{"name":"wp","href":"https:\/\/api.w.org\/{rel}","templated":true}]}}