{"id":5889,"date":"2021-09-18T13:30:32","date_gmt":"2021-09-18T11:30:32","guid":{"rendered":"https:\/\/www.tw24.net\/?p=5889"},"modified":"2021-09-18T13:30:32","modified_gmt":"2021-09-18T11:30:32","slug":"stolz-der-familie","status":"publish","type":"post","link":"https:\/\/www.tw24.net\/?p=5889","title":{"rendered":"Stolz der Familie"},"content":{"rendered":"<p>Als die Europ\u00e4ische Union vor einigen Wochen ihren \u00bbEuropa-Tag\u00ab in \u00bbPal\u00e4stina\u00ab feierte, <a href=\"https:\/\/www.facebook.com\/EUandPalestinians\/videos\/219536759887711\/\">erkl\u00e4rte<\/a> Sven K\u00fchn von Burgsdorff, der deutsche Diplomat vertritt Br\u00fcssel beim Regime in Ramallah, Mohammed El-Kurd voller Stolz auf dessen zahlreiche <i>Follower<\/i> in verschiedenen \u00bbsozial\u00ab genannten Netzwerken zu einem \u00bbMitglied der Familie\u00ab, an dessen Seite zu stehen zugleich \u00bbPrivileg und Ehre\u00ab sei.<\/p>\n<p>Mohammed El-Kurds Zwitschereien waren schon damals ein reiches Sammelsurium all dessen, was diese Netzwerke in Verruf brachte: Mit <a href=\"https:\/\/twitter.com\/m7mdkurd\/status\/1408833125615030277\">Frauenverachtung<\/a>, antisemitischen <a href=\"https:\/\/twitter.com\/m7mdkurd\/status\/1407939190713585664\">Verschw\u00f6rungstheorien<\/a>, heller <a href=\"https:\/\/twitter.com\/m7mdkurd\/status\/1409892331264880644\">Begeisterung<\/a> f\u00fcr Anh\u00e4nger Adolf Hitlers und der <a href=\"https:\/\/twitter.com\/m7mdkurd\/status\/1410323082103959554\">Verleugnung<\/a> des Existenzrechts Israels unterhielt und -h\u00e4lt Mohammed El-Kurd nicht eben wenige Menschen, darunter auch deutsche EU-Diplomaten.<\/p>\n<p>Seit Sven K\u00fchn von Burgsdorffs Beifall f\u00fcr den antisemitischen <i>Influencer<\/i> hat der noch weiter Karriere gemacht: Das Magazin <i>Time<\/i> <a href=\"https:\/\/time.com\/collection\/100-most-influential-people-2021\/6096098\/muna-mohammed-el-kurd\/\">nahm<\/a> seine Schwester Muna El-Kurd und ihn auf in seine Liste der \u00bbeinflu\u00dfreichsten Menschen 2021\u00ab, das linke amerikanische Wochenblatt <i>The Nation<\/i> <a href=\"https:\/\/twitter.com\/thenation\/status\/1437799823541952512\">stellte<\/a> ihn als seinen \u00bbPal\u00e4stina-Korrespondenten\u00ab ein, weil \u00bbpal\u00e4stinensische Stimmen zu lange unterdr\u00fcckt\u00ab worden seien.<\/p>\n<p>Die \u00bbStimme Pal\u00e4stinas\u00ab hatte derweil den Ausbruch sechs \u00bbpal\u00e4stinensischer\u00ab Terroristen aus israelischer Haft <a href=\"https:\/\/twitter.com\/thenation\/status\/1437799823541952512\">gefeiert<\/a>, die vielfachen M\u00f6rder zu \u00bbpolitischen Gefangenen\u00ab erkl\u00e4rt. Nachdem die israelischen Sicherheitskr\u00e4fte (bisher) vier der Ausbrecher festsetzen konnten, <a href=\"https:\/\/twitter.com\/m7mdkurd\/status\/1436422318222368769>stapelte<\/a> ein dar\u00fcber ver\u00e4rgerter Mohammed El-Kurd sie hoch zu \u00bbFreiheitsk\u00e4mpfern\u00ab, die den \u00bbPal\u00e4stinensern Hoffnung machen\u00ab.<\/p>\n<p>Der Beifall des offiziellen Europa f\u00fcr Mohammed El-Kurd, der ihn mit seinem Antisemitismus und seiner Begeisterung f\u00fcr terroristische Gewalt gegen Juden und Israel ebenso legitimiert wie seine Bef\u00f6rderung zur \u00bbStimme Pal\u00e4stinas\u00ab durch ein durchaus traditionsreiches linkes Magazin belegen auf traurige Weise, da\u00df zivilisatorischer Fortschritt nicht dort zu finden ist, wo man sich <i>progressive<\/i> d\u00fcnkt.<\/p>\n","protected":false},"excerpt":{"rendered":"<p>Als die Europ\u00e4ische Union vor einigen Wochen ihren \u00bbEuropa-Tag\u00ab in \u00bbPal\u00e4stina\u00ab feierte, erkl\u00e4rte Sven K\u00fchn von Burgsdorff, der deutsche Diplomat vertritt Br\u00fcssel beim Regime in Ramallah, Mohammed El-Kurd voller Stolz auf dessen zahlreiche Follower in verschiedenen \u00bbsozial\u00ab genannten Netzwerken zu einem \u00bbMitglied der Familie\u00ab, an dessen Seite zu stehen zugleich \u00bbPrivileg und Ehre\u00ab sei. Mohammed [&hellip;]<\/p>\n","protected":false},"author":1,"featured_media":0,"comment_status":"open","ping_status":"open","sticky":false,"template":"","format":"standard","meta":{"footnotes":""},"categories":[2],"tags":[11,38,120,878,657,374],"class_list":["post-5889","post","type-post","status-publish","format-standard","hentry","category-allgemein","tag-palaestina","tag-antisemitismus","tag-eu","tag-mohammed-el-kurd","tag-sven-kuehn-von-burgsdorff","tag-terrorismus"],"_links":{"self":[{"href":"https:\/\/www.tw24.net\/index.php?rest_route=\/wp\/v2\/posts\/5889","targetHints":{"allow":["GET"]}}],"collection":[{"href":"https:\/\/www.tw24.net\/index.php?rest_route=\/wp\/v2\/posts"}],"about":[{"href":"https:\/\/www.tw24.net\/index.php?rest_route=\/wp\/v2\/types\/post"}],"author":[{"embeddable":true,"href":"https:\/\/www.tw24.net\/index.php?rest_route=\/wp\/v2\/users\/1"}],"replies":[{"embeddable":true,"href":"https:\/\/www.tw24.net\/index.php?rest_route=%2Fwp%2Fv2%2Fcomments&post=5889"}],"version-history":[{"count":1,"href":"https:\/\/www.tw24.net\/index.php?rest_route=\/wp\/v2\/posts\/5889\/revisions"}],"predecessor-version":[{"id":5890,"href":"https:\/\/www.tw24.net\/index.php?rest_route=\/wp\/v2\/posts\/5889\/revisions\/5890"}],"wp:attachment":[{"href":"https:\/\/www.tw24.net\/index.php?rest_route=%2Fwp%2Fv2%2Fmedia&parent=5889"}],"wp:term":[{"taxonomy":"category","embeddable":true,"href":"https:\/\/www.tw24.net\/index.php?rest_route=%2Fwp%2Fv2%2Fcategories&post=5889"},{"taxonomy":"post_tag","embeddable":true,"href":"https:\/\/www.tw24.net\/index.php?rest_route=%2Fwp%2Fv2%2Ftags&post=5889"}],"curies":[{"name":"wp","href":"https:\/\/api.w.org\/{rel}","templated":true}]}}