{"id":5893,"date":"2021-09-20T14:08:54","date_gmt":"2021-09-20T12:08:54","guid":{"rendered":"https:\/\/www.tw24.net\/?p=5893"},"modified":"2021-09-20T14:08:54","modified_gmt":"2021-09-20T12:08:54","slug":"brisanter-hilferuf","status":"publish","type":"post","link":"https:\/\/www.tw24.net\/?p=5893","title":{"rendered":"Brisanter Hilferuf"},"content":{"rendered":"<p>Das Regime in Ramallah <a href=\"https:\/\/english.wafa.ps\/Pages\/Details\/126161\">wirft<\/a> der Europ\u00e4ischen Union \u00f6ffentlich vor, seit Jahresbeginn keinerlei finanziellen Beitrag zur Unterst\u00fctzung \u00bbarmer pal\u00e4stinensischer Familien\u00ab geleistet zu haben. Wie Ahmad Majdalani beklagt, der in Ramallah den \u00bbMinister f\u00fcr soziale Entwicklung\u00ab gibt, fehlen dem Regime um \u00bbPr\u00e4sident\u00ab Abu Mazen damit die Mittel, arme \u00bbPal\u00e4stinenser\u00ab wie gewohnt zu unterst\u00fctzen.<\/p>\n<p>In der Tat ist es kein Geheimnis, da\u00df die Europ\u00e4ische Union aus \u00bbtechnischen Gr\u00fcnden\u00ab ihre finanziellen Transfers nach Ramallah seit Anfang des Jahres ausgesetzt hat. Die \u00bbPal\u00e4stinenserf\u00fchrung\u00ab vermied es bisher allerdings, sich allzu laut zu beklagen, riskiert sie mit ihren an die EU gerichteten Vorw\u00fcrfen doch, gef\u00e4hrlich viel Aufmerksamkeit auf die europ\u00e4isch-\u00bbpal\u00e4stinensische\u00ab Allianz zu lenken.<\/p>\n<p>Br\u00fcssel sympathisiert durchaus mit der Clique um \u00bbPr\u00e4sident\u00ab Abu Mazen und ihrer \u00bbpal\u00e4stinensischen Sache\u00ab. Deshalb flossen ja die Millionen bisher so reichlich wie zuverl\u00e4ssig nach Ramallah. Gerechtfertigt wurden die gro\u00dfz\u00fcgigen Transfers an die \u00bbPal\u00e4stinenserf\u00fchrung\u00ab damit, man unterst\u00fctze mit ihnen den Aufbau tragf\u00e4higer Strukturen, die einen unabh\u00e4ngigen Staat \u00bbPal\u00e4stina\u00ab tragen sollen.<\/p>\n<p>Mit der Unabh\u00e4ngigkeit ist es jedoch nicht weit her. Statt Eigenstaatlichkeit zu f\u00f6rdern, haben die stetig wachsenden Zuwendungen aus Europa und &#8211; in geringerem Ma\u00df &#8211; anderen Teilen der Welt die Abh\u00e4ngigkeit des \u00bbpal\u00e4stinensischen\u00ab Gebildes von ihnen nur vertieft. F\u00fcr die korrupte \u00bbPal\u00e4stinenserf\u00fchrung\u00ab in Ramallah ist dieser Zustand freilich weit eintr\u00e4glicher als die \u00dcbernahme echter Verantwortung.<\/p>\n<p>Das wei\u00df man allerdings auch in Br\u00fcssel und den anderen europ\u00e4ischen Hauptst\u00e4dten, wo man zugleich Fragen nach dem Sinn von und der Verantwortung f\u00fcr Millionentransfers f\u00fcrchtet, die doch offenkundig die angestrebten Ziele nicht einmal im Ansatz erreichen. In einer solchen Situation ist \u00d6ffentlichkeit f\u00fcr Br\u00fcssel gewi\u00df nicht besonders hilfreich. Man darf also gespannt sein, wie es reagiert.<\/p>\n","protected":false},"excerpt":{"rendered":"<p>Das Regime in Ramallah wirft der Europ\u00e4ischen Union \u00f6ffentlich vor, seit Jahresbeginn keinerlei finanziellen Beitrag zur Unterst\u00fctzung \u00bbarmer pal\u00e4stinensischer Familien\u00ab geleistet zu haben. Wie Ahmad Majdalani beklagt, der in Ramallah den \u00bbMinister f\u00fcr soziale Entwicklung\u00ab gibt, fehlen dem Regime um \u00bbPr\u00e4sident\u00ab Abu Mazen damit die Mittel, arme \u00bbPal\u00e4stinenser\u00ab wie gewohnt zu unterst\u00fctzen. In der Tat [&hellip;]<\/p>\n","protected":false},"author":1,"featured_media":0,"comment_status":"open","ping_status":"open","sticky":false,"template":"","format":"standard","meta":{"footnotes":""},"categories":[2],"tags":[11,16,120,124,239,686],"class_list":["post-5893","post","type-post","status-publish","format-standard","hentry","category-allgemein","tag-palaestina","tag-abu-mazen","tag-eu","tag-europaeische-union","tag-korruption","tag-verschwendung"],"_links":{"self":[{"href":"https:\/\/www.tw24.net\/index.php?rest_route=\/wp\/v2\/posts\/5893","targetHints":{"allow":["GET"]}}],"collection":[{"href":"https:\/\/www.tw24.net\/index.php?rest_route=\/wp\/v2\/posts"}],"about":[{"href":"https:\/\/www.tw24.net\/index.php?rest_route=\/wp\/v2\/types\/post"}],"author":[{"embeddable":true,"href":"https:\/\/www.tw24.net\/index.php?rest_route=\/wp\/v2\/users\/1"}],"replies":[{"embeddable":true,"href":"https:\/\/www.tw24.net\/index.php?rest_route=%2Fwp%2Fv2%2Fcomments&post=5893"}],"version-history":[{"count":1,"href":"https:\/\/www.tw24.net\/index.php?rest_route=\/wp\/v2\/posts\/5893\/revisions"}],"predecessor-version":[{"id":5894,"href":"https:\/\/www.tw24.net\/index.php?rest_route=\/wp\/v2\/posts\/5893\/revisions\/5894"}],"wp:attachment":[{"href":"https:\/\/www.tw24.net\/index.php?rest_route=%2Fwp%2Fv2%2Fmedia&parent=5893"}],"wp:term":[{"taxonomy":"category","embeddable":true,"href":"https:\/\/www.tw24.net\/index.php?rest_route=%2Fwp%2Fv2%2Fcategories&post=5893"},{"taxonomy":"post_tag","embeddable":true,"href":"https:\/\/www.tw24.net\/index.php?rest_route=%2Fwp%2Fv2%2Ftags&post=5893"}],"curies":[{"name":"wp","href":"https:\/\/api.w.org\/{rel}","templated":true}]}}