{"id":5933,"date":"2021-10-09T14:28:35","date_gmt":"2021-10-09T12:28:35","guid":{"rendered":"https:\/\/www.tw24.net\/?p=5933"},"modified":"2023-12-12T09:50:35","modified_gmt":"2023-12-12T07:50:35","slug":"ramallahs-opfer","status":"publish","type":"post","link":"https:\/\/www.tw24.net\/?p=5933","title":{"rendered":"Ramallahs Opfer"},"content":{"rendered":"<p>Das \u00bbAu\u00dfenministerium\u00ab in Ramallah hat im Namen eines angeblichen \u00bbStaates Pal\u00e4stina\u00ab internationalen Schutz f\u00fcr die \u00bbPal\u00e4stinenser\u00ab <a href=\"http:\/\/www.mofa.pna.ps\/en-us\/mediaoffice\/state-of-palestine-calls-for-urgent-international-protection-for-palestinian-people\">gefordert<\/a>. Die Weltgemeinschaft, hei\u00dft es in einer auf den 3. Oktober datierten Stellungnahme, m\u00fc\u00dften \u00bbihrer Verantwortung gerecht werden\u00ab und \u00bbdem pal\u00e4stinensischen Volk\u00ab Schutz vor einer \u00bbbeispiellosen Aggression\u00ab von Israel unterst\u00fctzter \u00bbSiedler\u00ab gew\u00e4hren.<\/p>\n<p>In der Tat ist es in den vergangenen Wochen zu mehreren Zusammenst\u00f6\u00dfen zwischen \u00bbPal\u00e4stinensern\u00ab und extremistischen \u00bbSiedlern\u00ab gekommen. Im gleichen Zeitraum wurden mehrere \u00bbpal\u00e4stinensische\u00ab Terroristen durch israelische Sicherheitskr\u00e4fte get\u00f6tet, bevor sie anderen Menschen gef\u00e4hrlich werden konnten, nach <a href=\"https:\/\/www.ochaopt.org\/poc\/21-september-4-october-2021\">UN-Angaben<\/a> zwischen dem 21. September und 4. Oktober 9 \u00bbPal\u00e4stinenser\u00ab.<\/p>\n<p>Im vergangenen Juni lehnte die \u00bbPal\u00e4stinenserf\u00fchrung\u00ab um \u00bbPr\u00e4sident\u00ab Abu Mazen eine Lieferung von mindestens einer Million Dosen zur Impfung gegen Covid-19 aus israelischen Best\u00e4nden ab. Tausende Dosen, die Jerusalem im Rahmen einer Vereinbarung mit Ramallah bereits losgeschickt hatte, wurden vom PLO-Regime retourniert. Erste Impfstofflieferungen werden nun im Herbst erwartet.<\/p>\n<p>Durch die Ablehnung der mit dem Hersteller abgesprochenen Lieferung von Impfstoff aus Israel konnten Hunderttausende \u00bbPal\u00e4stinenser\u00ab in von Ramallah kontrollierten Gebieten nicht gegen Covid-19 immunisiert werden. Tausende d\u00fcrften sich deswegen infiziert haben; viele Tote \u00bbim Zusammenhang mit dem Virus\u00ab seither w\u00e4ren vermeidbar gewesen, h\u00e4tte die \u00bbPal\u00e4stinenserf\u00fchrung\u00ab anders gehandelt.<\/p>\n<p>Vom 1. Juli 2021 bis heute erlagen nach <a href=\"http:\/\/site.moh.ps\/index\/covid19\/LanguageVersion\/0\/Language\/ar\">Angaben<\/a> des \u00bbGesundheitsministeriums\u00ab in Ramallah 664 \u00bbPal\u00e4stinenser\u00ab einer Infektion mit Covid-19, statistisch mindestens 6 jeden Tag. J\u00fcngst lag die Zahl der t\u00e4glich <a href=\"https:\/\/english.wafa.ps\/Pages\/Details\/126382\">gemeldeten<\/a> Opfer dabei meist deutlich h\u00f6her. Sind neun get\u00f6tete Terroristen in zwei Wochen Opfer einer \u00bbbeispiellosen Aggression\u00ab, was sind dann sechs t\u00e4glich mit Covid-19 verstorbene \u00bbPal\u00e4stinenser\u00ab?<\/p>\n","protected":false},"excerpt":{"rendered":"<p>Das \u00bbAu\u00dfenministerium\u00ab in Ramallah hat im Namen eines angeblichen \u00bbStaates Pal\u00e4stina\u00ab internationalen Schutz f\u00fcr die \u00bbPal\u00e4stinenser\u00ab gefordert. Die Weltgemeinschaft, hei\u00dft es in einer auf den 3. Oktober datierten Stellungnahme, m\u00fc\u00dften \u00bbihrer Verantwortung gerecht werden\u00ab und \u00bbdem pal\u00e4stinensischen Volk\u00ab Schutz vor einer \u00bbbeispiellosen Aggression\u00ab von Israel unterst\u00fctzter \u00bbSiedler\u00ab gew\u00e4hren. In der Tat ist es in den [&hellip;]<\/p>\n","protected":false},"author":1,"featured_media":0,"comment_status":"open","ping_status":"open","sticky":false,"template":"","format":"standard","meta":{"footnotes":""},"categories":[2],"tags":[11,16,38,673,130,194,313,320,888,399],"class_list":["post-5933","post","type-post","status-publish","format-standard","hentry","category-allgemein","tag-palaestina","tag-abu-mazen","tag-antisemitismus","tag-covid-19","tag-fatah","tag-israel","tag-plo","tag-propaganda","tag-terroismus","tag-vereinte-nationen"],"_links":{"self":[{"href":"https:\/\/www.tw24.net\/index.php?rest_route=\/wp\/v2\/posts\/5933","targetHints":{"allow":["GET"]}}],"collection":[{"href":"https:\/\/www.tw24.net\/index.php?rest_route=\/wp\/v2\/posts"}],"about":[{"href":"https:\/\/www.tw24.net\/index.php?rest_route=\/wp\/v2\/types\/post"}],"author":[{"embeddable":true,"href":"https:\/\/www.tw24.net\/index.php?rest_route=\/wp\/v2\/users\/1"}],"replies":[{"embeddable":true,"href":"https:\/\/www.tw24.net\/index.php?rest_route=%2Fwp%2Fv2%2Fcomments&post=5933"}],"version-history":[{"count":3,"href":"https:\/\/www.tw24.net\/index.php?rest_route=\/wp\/v2\/posts\/5933\/revisions"}],"predecessor-version":[{"id":7777,"href":"https:\/\/www.tw24.net\/index.php?rest_route=\/wp\/v2\/posts\/5933\/revisions\/7777"}],"wp:attachment":[{"href":"https:\/\/www.tw24.net\/index.php?rest_route=%2Fwp%2Fv2%2Fmedia&parent=5933"}],"wp:term":[{"taxonomy":"category","embeddable":true,"href":"https:\/\/www.tw24.net\/index.php?rest_route=%2Fwp%2Fv2%2Fcategories&post=5933"},{"taxonomy":"post_tag","embeddable":true,"href":"https:\/\/www.tw24.net\/index.php?rest_route=%2Fwp%2Fv2%2Ftags&post=5933"}],"curies":[{"name":"wp","href":"https:\/\/api.w.org\/{rel}","templated":true}]}}