{"id":6107,"date":"2021-12-27T12:36:19","date_gmt":"2021-12-27T10:36:19","guid":{"rendered":"https:\/\/www.tw24.net\/?p=6107"},"modified":"2021-12-27T12:39:05","modified_gmt":"2021-12-27T10:39:05","slug":"ikone-der-bds-bewegung","status":"publish","type":"post","link":"https:\/\/www.tw24.net\/?p=6107","title":{"rendered":"Ikone der BDS-Bewegung"},"content":{"rendered":"<p>Die letzte Woche des Jahres beginnt mit Nachrufen auf den s\u00fcdafrikanischen Geistlichen Desmond Tutu, der am 26. Dezember im Alter von 90 Jahren verstarb. W\u00e4hrend allerorten an die unbestreitbaren Verdienste Desmond Tutus im Kampf um die \u00dcberwindung der Apartheid erinnert wird, die ihm 1984 einen Friedensnobelpreis einbrachten, wird seine leidenschaftliche Feindschaft zu Israel beschwiegen.<\/p>\n<p>Doch die Verdienste des \u00bbVers\u00f6hners\u00ab, wie etwa das deutsche Staatsoberhaupt Frank-Walter Steinmeier den verstorbenen Tr\u00e4ger des Gro\u00dfkreuzes des Verdienstordens der Bundesrepublik w\u00fcrdigte, werden vom Antisemitismus des \u00bbunabh\u00e4ngigen Geists\u00ab \u00fcberschattet. Das macht ein urspr\u00fcnglich aus dem Jahr 2014 stammenden <a href=\"https:\/\/www.haaretz.com\/israel-news\/desmond-tutu-to-haaretz-this-is-my-plea-to-the-people-of-israel-1.10494007\">Beitrag<\/a> des Verstorbenen deutlich, den ausgerechnet <i>Haaretz<\/i> wiederver\u00f6ffentlichte.<\/p>\n<p>Das Pamphlet liest sich gewi\u00df nicht zuf\u00e4llig wie das Gr\u00fcndungsdokument der antisemitschen BDS-Bewegung. Selbstverst\u00e4ndlich betont Desmond Tute, er habe nichts gegen Juden, verleumdet freilich gleichzeitig den j\u00fcdischen Staat und ruft zu einem umfassenden Boykott Israels auf. Von israelischen Juden verlangt er, sie m\u00fc\u00dften sich \u00f6ffentlich von ihrem Staat distanzieren und von ihm lossagen.<\/p>\n<p>Mit solchen Aufrufen trug Desmond Tutu ohne Frage dazu bei, Ha\u00df auf Juden zu bef\u00f6rdern, antisemitische Organisationen wie die BDS-Bewegung zu <a href=\"https:\/\/bdsmovement.net\/tags\/desmond-tutu\">legitimieren<\/a>, aber mindestens auch die Ideologie des terroristischen \u00bbWiderstand\u00ab gegen Israel und dessen Bev\u00f6lkerung. Wohlwollendes Schweigen zu diesem Aspekt des Wirkens des Geistlichen tr\u00e4gt gewi\u00df nicht dazu bei, Antisemitismus zu \u00e4chten.<\/p>\n","protected":false},"excerpt":{"rendered":"<p>Die letzte Woche des Jahres beginnt mit Nachrufen auf den s\u00fcdafrikanischen Geistlichen Desmond Tutu, der am 26. Dezember im Alter von 90 Jahren verstarb. W\u00e4hrend allerorten an die unbestreitbaren Verdienste Desmond Tutus im Kampf um die \u00dcberwindung der Apartheid erinnert wird, die ihm 1984 einen Friedensnobelpreis einbrachten, wird seine leidenschaftliche Feindschaft zu Israel beschwiegen. Doch [&hellip;]<\/p>\n","protected":false},"author":1,"featured_media":0,"comment_status":"open","ping_status":"open","sticky":false,"template":"","format":"standard","meta":{"footnotes":""},"categories":[2],"tags":[32,38,61,912,365,374],"class_list":["post-6107","post","type-post","status-publish","format-standard","hentry","category-allgemein","tag-anc","tag-antisemitismus","tag-bds","tag-desmond-tutu","tag-suedafrika","tag-terrorismus"],"_links":{"self":[{"href":"https:\/\/www.tw24.net\/index.php?rest_route=\/wp\/v2\/posts\/6107","targetHints":{"allow":["GET"]}}],"collection":[{"href":"https:\/\/www.tw24.net\/index.php?rest_route=\/wp\/v2\/posts"}],"about":[{"href":"https:\/\/www.tw24.net\/index.php?rest_route=\/wp\/v2\/types\/post"}],"author":[{"embeddable":true,"href":"https:\/\/www.tw24.net\/index.php?rest_route=\/wp\/v2\/users\/1"}],"replies":[{"embeddable":true,"href":"https:\/\/www.tw24.net\/index.php?rest_route=%2Fwp%2Fv2%2Fcomments&post=6107"}],"version-history":[{"count":1,"href":"https:\/\/www.tw24.net\/index.php?rest_route=\/wp\/v2\/posts\/6107\/revisions"}],"predecessor-version":[{"id":6108,"href":"https:\/\/www.tw24.net\/index.php?rest_route=\/wp\/v2\/posts\/6107\/revisions\/6108"}],"wp:attachment":[{"href":"https:\/\/www.tw24.net\/index.php?rest_route=%2Fwp%2Fv2%2Fmedia&parent=6107"}],"wp:term":[{"taxonomy":"category","embeddable":true,"href":"https:\/\/www.tw24.net\/index.php?rest_route=%2Fwp%2Fv2%2Fcategories&post=6107"},{"taxonomy":"post_tag","embeddable":true,"href":"https:\/\/www.tw24.net\/index.php?rest_route=%2Fwp%2Fv2%2Ftags&post=6107"}],"curies":[{"name":"wp","href":"https:\/\/api.w.org\/{rel}","templated":true}]}}