{"id":6198,"date":"2022-02-03T18:29:42","date_gmt":"2022-02-03T16:29:42","guid":{"rendered":"https:\/\/www.tw24.net\/?p=6198"},"modified":"2022-02-03T18:42:48","modified_gmt":"2022-02-03T16:42:48","slug":"selbstdemontage-10","status":"publish","type":"post","link":"https:\/\/www.tw24.net\/?p=6198","title":{"rendered":"Selbstdemontage"},"content":{"rendered":"<p>\u00bbPal\u00e4stinenserpr\u00e4sident\u00ab Abu Mazen, der ab und an auch als Mahmoud Abbas firmiert, hat in seinem Amtssitz in Ramallah eine von Agnes Callamard angef\u00fchrte Delegation der \u00bbNGO\u00ab Amnesty International empfangen. Wie es bei der regimeeigenen \u00bbNachrichtenagentur\u00ab <i>Wafa<\/i> hei\u00dft, dankte der Gastgeber seinen G\u00e4sten herzlich f\u00fcr deren am Dienstag offiziell ver\u00f6ffentlichten \u00bbBericht\u00ab \u00fcber Israel.<\/p>\n<p>Wer bis dahin noch glaubte, Amnesty International sei eine unabh\u00e4ngige Organisation, der es allein um den Schutz der Menschenrechte gehe, den sollten die Bilder vom Treffen der Generalsekret\u00e4rin der \u00bbNGO\u00ab mit dem \u00bbPal\u00e4stinenserpr\u00e4sidenten\u00ab die Augen \u00f6ffnen: Wer sich zum Plausch mit einer Gestalt trifft, die sich selbst vor UN-Gremien vor Terroristen verbeugt, hat jeden moralischen Kompa\u00df verloren.<\/p>\n<p>W\u00e4hrend Amnesty International in dem in dieser Woche ver\u00f6ffentlichten \u00bbBericht\u00ab die lebendige Demokratie Israel antisemitisch verleumdet und die Wiedergr\u00fcndung des j\u00fcdischen Staates 1948 zu einem Verbrechen erkl\u00e4rt, macht sich Amnesty-Generalsekret\u00e4rin Agnes Callamard gemein mit einem tief in Terrorismus verstrickten korrupten Hochstapler, der seine Untertanen brutal unterdr\u00fccken l\u00e4\u00dft.<\/p>\n<p>Wird ihre Organisation von westlichen Regierungen, darunter Washington und Berlin, f\u00fcr ihren \u00bbBericht\u00ab kritisiert, werfen Wissenschaftler und Verb\u00e4nde ihr vor, damit Antisemitismus zu sch\u00fcren und dadurch Menschenleben zu gef\u00e4hrden, legitimiert Agnes Callamard einen \u00bbPr\u00e4sidenten\u00ab, der antisemitischen Terrorismus finanziert und belohnt, der \u00bbPal\u00e4stinensern\u00ab grundlegende Rechte vorenth\u00e4lt.<\/p>\n<p>Es gibt gewi\u00df viel zu kritisieren in Israel und an israelischer Politik. Eine \u00bbKritik\u00ab freilich von sogenannten \u00bbMenschenrechtsaktivisten\u00ab, die sich von einem Verbrecher wie Abu Mazen einladen und f\u00fcr ihre \u00bbArbeit\u00ab loben lassen, diskreditiert sich selbst und die, die sie vortragen, als die Verr\u00e4ter zivilisatorischer Grundwerte, als die Antisemiten, die sie sind. Amnesty ist eine Bedrohung f\u00fcr die Menschenrechte.<\/p>\n","protected":false},"excerpt":{"rendered":"<p>\u00bbPal\u00e4stinenserpr\u00e4sident\u00ab Abu Mazen, der ab und an auch als Mahmoud Abbas firmiert, hat in seinem Amtssitz in Ramallah eine von Agnes Callamard angef\u00fchrte Delegation der \u00bbNGO\u00ab Amnesty International empfangen. Wie es bei der regimeeigenen \u00bbNachrichtenagentur\u00ab Wafa hei\u00dft, dankte der Gastgeber seinen G\u00e4sten herzlich f\u00fcr deren am Dienstag offiziell ver\u00f6ffentlichten \u00bbBericht\u00ab \u00fcber Israel. Wer bis dahin [&hellip;]<\/p>\n","protected":false},"author":1,"featured_media":0,"comment_status":"open","ping_status":"open","sticky":false,"template":"","format":"standard","meta":{"footnotes":""},"categories":[2],"tags":[7,11,16,925,579,31,38,194,252,270,313,374],"class_list":["post-6198","post","type-post","status-publish","format-standard","hentry","category-allgemein","tag-israelkritik","tag-palaestina","tag-abu-mazen","tag-agnes-callamard","tag-ai","tag-amnesty","tag-antisemitismus","tag-israel","tag-mahmoud-abbas","tag-menschenrechte","tag-plo","tag-terrorismus"],"_links":{"self":[{"href":"https:\/\/www.tw24.net\/index.php?rest_route=\/wp\/v2\/posts\/6198","targetHints":{"allow":["GET"]}}],"collection":[{"href":"https:\/\/www.tw24.net\/index.php?rest_route=\/wp\/v2\/posts"}],"about":[{"href":"https:\/\/www.tw24.net\/index.php?rest_route=\/wp\/v2\/types\/post"}],"author":[{"embeddable":true,"href":"https:\/\/www.tw24.net\/index.php?rest_route=\/wp\/v2\/users\/1"}],"replies":[{"embeddable":true,"href":"https:\/\/www.tw24.net\/index.php?rest_route=%2Fwp%2Fv2%2Fcomments&post=6198"}],"version-history":[{"count":1,"href":"https:\/\/www.tw24.net\/index.php?rest_route=\/wp\/v2\/posts\/6198\/revisions"}],"predecessor-version":[{"id":6199,"href":"https:\/\/www.tw24.net\/index.php?rest_route=\/wp\/v2\/posts\/6198\/revisions\/6199"}],"wp:attachment":[{"href":"https:\/\/www.tw24.net\/index.php?rest_route=%2Fwp%2Fv2%2Fmedia&parent=6198"}],"wp:term":[{"taxonomy":"category","embeddable":true,"href":"https:\/\/www.tw24.net\/index.php?rest_route=%2Fwp%2Fv2%2Fcategories&post=6198"},{"taxonomy":"post_tag","embeddable":true,"href":"https:\/\/www.tw24.net\/index.php?rest_route=%2Fwp%2Fv2%2Ftags&post=6198"}],"curies":[{"name":"wp","href":"https:\/\/api.w.org\/{rel}","templated":true}]}}