{"id":6279,"date":"2022-03-13T13:33:23","date_gmt":"2022-03-13T11:33:23","guid":{"rendered":"https:\/\/www.tw24.net\/?p=6279"},"modified":"2022-03-13T13:33:23","modified_gmt":"2022-03-13T11:33:23","slug":"ramallahs-problem","status":"publish","type":"post","link":"https:\/\/www.tw24.net\/?p=6279","title":{"rendered":"Ramallahs Problem"},"content":{"rendered":"<p>Der als \u00bbAu\u00dfenminister\u00ab des \u00bbpal\u00e4stinensischen\u00ab Regimes auftretende Riyad Malki hat an Br\u00fcssel appelliert, seine finanzielle Unterst\u00fctzung f\u00fcr Ramallah wiederaufzunehmen. Am Rande einer Tagung im t\u00fcrkischen Antalya betonte Riyad Malki gegen\u00fcber Oliv\u00e9r V\u00e1rhelyi, dem EU-Kommissar f\u00fcr Nachbarschaftspolitik, das PLO-Regime sei dringend auf die die europ\u00e4ischen Geldtransfers angewiesen.<\/p>\n<p>Ohne die Unterst\u00fctzung der EU k\u00f6nne, so der \u00bbAu\u00dfenminister\u00ab laut der regimeeigenen \u00bbNachrichtenagentur\u00ab <i>Wafa<\/i>, fehlten Ramallah die Mittel, grundlegende Dienste der \u00f6ffentlichen Daseinsvorsorge f\u00fcr die \u00bbPal\u00e4stinenser\u00ab zu sichern. Angesichts schwindender internationaler Unterst\u00fctzung sei es n\u00f6tig, \u00bbtechnische Probleme und andere Hindernisse\u00ab zu \u00fcberwinden und Hilfszahlungen wiederaufzunehmen.<\/p>\n<p>In der Tat ist in der j\u00fcngsten Zeit die internationale finanzielle Unterst\u00fctzung des PLO-Regimes eingebrochen. Und auch die Europ\u00e4ische Union hat ihre Transfers an die \u00bbPal\u00e4stinenserf\u00fchrung\u00ab unter Berufung auf \u00bbtechnische Schwierigkeiten\u00ab seit 2020 drastisch zur\u00fcckgefahren. Die \u00bbProbleme\u00ab haben freilich weniger mit m\u00f6glicherweise defekten Ger\u00e4tschaften zu tun als mit Ramallahs Antisemitismus.<\/p>\n<p>Die Europ\u00e4ische Union, die die \u00bbPal\u00e4stinenser\u00ab bis dahin bereitwillig mit Geld versorgte, steht zunehmend selbst unter Rechtfertigungsdruck. Denn auch Br\u00fcssel kann nicht mehr leugnen, da\u00df in Ramallah ein Regime herrscht, dessen Fundament Antisemitismus und antisemitisch motivierter Terror bilden. Um ihr Gesicht zu wahren, mu\u00dfte die EU daher ihre Unterst\u00fctzung f\u00fcr Ramallah reformieren.<\/p>\n<p>So macht die EU Hilfszahlungen an die \u00bbPal\u00e4stinenser\u00ab inzwischen von deren Bekenntnis zu europ\u00e4ischen Werten abh\u00e4ngig, was etwa die Distanzierung von Terrorismus einschlie\u00dft und ein Bildungswesen, das internationalen Standards gen\u00fcgt. Diese Selbstverst\u00e4ndlichkeiten h\u00e4lt das zumal undemokratische Regime um \u00bbPr\u00e4sident\u00ab Abu Mazen allerdings f\u00fcr inakzeptabel und weigert sich, sie umzusetzen.<\/p>\n<p>Da Br\u00fcssel sich nicht mehr vorwerfen lassen will, Antisemitismus und Terrorismus stillschweigend hinzunehmen oder sogar wissentlich zu finanzieren, war und ist es gezwungen, aus der Finanzierung \u00bbPal\u00e4stinas\u00ab auszusteigen. Da\u00df Europa sich \u00fcberhaupt noch verhandlungsbereit zeigt, Klartext vermeidet, ebenfalls vernebelnd \u00bbtechnische Gr\u00fcnde\u00ab anf\u00fchrt, ist bereits ein unverdientes Entgegenkommen.<\/p>\n","protected":false},"excerpt":{"rendered":"<p>Der als \u00bbAu\u00dfenminister\u00ab des \u00bbpal\u00e4stinensischen\u00ab Regimes auftretende Riyad Malki hat an Br\u00fcssel appelliert, seine finanzielle Unterst\u00fctzung f\u00fcr Ramallah wiederaufzunehmen. Am Rande einer Tagung im t\u00fcrkischen Antalya betonte Riyad Malki gegen\u00fcber Oliv\u00e9r V\u00e1rhelyi, dem EU-Kommissar f\u00fcr Nachbarschaftspolitik, das PLO-Regime sei dringend auf die die europ\u00e4ischen Geldtransfers angewiesen. Ohne die Unterst\u00fctzung der EU k\u00f6nne, so der \u00bbAu\u00dfenminister\u00ab [&hellip;]<\/p>\n","protected":false},"author":1,"featured_media":0,"comment_status":"open","ping_status":"open","sticky":false,"template":"","format":"standard","meta":{"footnotes":""},"categories":[2],"tags":[11,38,42,120,124,313,745,374],"class_list":["post-6279","post","type-post","status-publish","format-standard","hentry","category-allgemein","tag-palaestina","tag-antisemitismus","tag-appeasement","tag-eu","tag-europaeische-union","tag-plo","tag-riyad-malki","tag-terrorismus"],"_links":{"self":[{"href":"https:\/\/www.tw24.net\/index.php?rest_route=\/wp\/v2\/posts\/6279","targetHints":{"allow":["GET"]}}],"collection":[{"href":"https:\/\/www.tw24.net\/index.php?rest_route=\/wp\/v2\/posts"}],"about":[{"href":"https:\/\/www.tw24.net\/index.php?rest_route=\/wp\/v2\/types\/post"}],"author":[{"embeddable":true,"href":"https:\/\/www.tw24.net\/index.php?rest_route=\/wp\/v2\/users\/1"}],"replies":[{"embeddable":true,"href":"https:\/\/www.tw24.net\/index.php?rest_route=%2Fwp%2Fv2%2Fcomments&post=6279"}],"version-history":[{"count":1,"href":"https:\/\/www.tw24.net\/index.php?rest_route=\/wp\/v2\/posts\/6279\/revisions"}],"predecessor-version":[{"id":6280,"href":"https:\/\/www.tw24.net\/index.php?rest_route=\/wp\/v2\/posts\/6279\/revisions\/6280"}],"wp:attachment":[{"href":"https:\/\/www.tw24.net\/index.php?rest_route=%2Fwp%2Fv2%2Fmedia&parent=6279"}],"wp:term":[{"taxonomy":"category","embeddable":true,"href":"https:\/\/www.tw24.net\/index.php?rest_route=%2Fwp%2Fv2%2Fcategories&post=6279"},{"taxonomy":"post_tag","embeddable":true,"href":"https:\/\/www.tw24.net\/index.php?rest_route=%2Fwp%2Fv2%2Ftags&post=6279"}],"curies":[{"name":"wp","href":"https:\/\/api.w.org\/{rel}","templated":true}]}}