{"id":6325,"date":"2022-04-01T15:43:53","date_gmt":"2022-04-01T13:43:53","guid":{"rendered":"https:\/\/www.tw24.net\/?p=6325"},"modified":"2022-04-01T15:43:53","modified_gmt":"2022-04-01T13:43:53","slug":"taeuschungsmanoever-7","status":"publish","type":"post","link":"https:\/\/www.tw24.net\/?p=6325","title":{"rendered":"T\u00e4uschungsman\u00f6ver"},"content":{"rendered":"<p>F\u00fcnf Wochen nach dem Beginn der \u00bbEntnazifizierung\u00ab und \u00bbEntwaffnung\u00ab der Ukraine durch die russische Armee und deren Verb\u00fcndete ist ein baldiges Ende der Auseinandersetzungen noch lange nicht in Sicht. Moskau hat ganz offenbar die F\u00e4higkeiten der eigenen Armee weit \u00fcber- und die Einsatzbereitschaft der ukrainischen Streitkr\u00e4fte und der sie tragenden Bev\u00f6lkerung noch weiter untersch\u00e4tzt.<\/p>\n<p>Gleichwohl ist ein russischer Sieg noch immer nicht ausgeschlossen, denn auch wenn Kiew inzwischen vom Westen nicht mehr nur mit wohlklingenden Worten, sondern zunehmend mit Waffenlieferungen unterst\u00fctzt wird, f\u00fchrt die Ukraine weiterhin tats\u00e4chlich einen ziemlich einsamen Kampf: Weil \u00bbunsere Freiheit\u00ab eben gerade nicht in Mariupol verteidigt wird, bleiben \u00bbwir\u00ab kaum mehr als Zuschauer.<\/p>\n<p>In Deutschland inszenieren derweil Teile der Politischen Klasse, die gestern noch keinem Termin mit Wladimir Putin aus dem Weg gehen wollten, etwas, das wohl Selbstkritik sein soll. Exemplarisch f\u00fcr sie steht der Christdemokrat Wolfgang Sch\u00e4uble, lange Jahre in verschiedenen Ressorts als Minister t\u00e4tig, von 2017 bis 2021 als Bundestagspr\u00e4sident und gegenw\u00e4rtig Alterspr\u00e4sident des deutschen Parlaments.<\/p>\n<p>In einem am vergangenen Wochenende ver\u00f6ffentlichten <a href=\"https:\/\/www.welt.de\/politik\/deutschland\/plus237777461\/Wolfgang-Schaeuble-Ich-lag-falsch-wir-alle-lagen-falsch.html\">Interview<\/a> erkl\u00e4rte er, \u00bbheute wei\u00df ich: Ich lag falsch, wir alle lagen falsch\u00ab. Was nach dem Eingest\u00e4ndnis eines Fehlers blo\u00df klingt, ist in der Tat ein Versuch, von der eigenen Verantwortung abzulenken. Lagen \u00bbwir alle\u00ab falsch, ist niemandem ein Vorwurf zu machen. Doch es bedurfte nicht erst des Wissens von heute, \u00bbwir alle\u00ab lagen nicht falsch.<\/p>\n<p>Wladimir Putin hat nicht \u00bbuns alle\u00ab get\u00e4uscht, betrogen oder was auch immer, die, die sich heute im und hinter dem \u00bbWir\u00ab verstecken, haben Warnungen, an denen es durchaus nicht mangelte, nicht wahrnehmen <i>wollen<\/i>, sich \u00fcber sie lustig gemacht, sie verleumdet und es dabei ab und an nicht so genau genommen mit der Wahrheit oder sie schlicht ignoriert, weil sie nicht in das eigene Weltbild pa\u00dften.<\/p>\n<p>Und dieses Verleugnen setzt sich bis heute fort, wenn Wolfgang Sch\u00e4uble et al. sich in ein Kollektiv (\u00bbwir alle\u00ab) fl\u00fcchten, das es so nie gab. Und es waren nicht blo\u00df Stimmen wie die des als \u00bbHa\u00dfprediger\u00ab geschm\u00e4hten oder als Witzfigur verh\u00f6hnten Donald J. Trump, sondern auch Institutionen wie etwa das Europ\u00e4ische Parlament, die ganz bewu\u00dft ignoriert wurden. Wer das bis heute leugnet, l\u00fcgt weiter.<\/p>\n","protected":false},"excerpt":{"rendered":"<p>F\u00fcnf Wochen nach dem Beginn der \u00bbEntnazifizierung\u00ab und \u00bbEntwaffnung\u00ab der Ukraine durch die russische Armee und deren Verb\u00fcndete ist ein baldiges Ende der Auseinandersetzungen noch lange nicht in Sicht. Moskau hat ganz offenbar die F\u00e4higkeiten der eigenen Armee weit \u00fcber- und die Einsatzbereitschaft der ukrainischen Streitkr\u00e4fte und der sie tragenden Bev\u00f6lkerung noch weiter untersch\u00e4tzt. Gleichwohl [&hellip;]<\/p>\n","protected":false},"author":1,"featured_media":0,"comment_status":"open","ping_status":"open","sticky":false,"template":"","format":"standard","meta":{"footnotes":""},"categories":[2],"tags":[42,68,79,102,952,342,361,588,416],"class_list":["post-6325","post","type-post","status-publish","format-standard","hentry","category-allgemein","tag-appeasement","tag-bigotterie","tag-cdu","tag-deutschland","tag-politische-klasse","tag-russland","tag-spd","tag-ukraine","tag-wolfgang-schaeuble"],"_links":{"self":[{"href":"https:\/\/www.tw24.net\/index.php?rest_route=\/wp\/v2\/posts\/6325","targetHints":{"allow":["GET"]}}],"collection":[{"href":"https:\/\/www.tw24.net\/index.php?rest_route=\/wp\/v2\/posts"}],"about":[{"href":"https:\/\/www.tw24.net\/index.php?rest_route=\/wp\/v2\/types\/post"}],"author":[{"embeddable":true,"href":"https:\/\/www.tw24.net\/index.php?rest_route=\/wp\/v2\/users\/1"}],"replies":[{"embeddable":true,"href":"https:\/\/www.tw24.net\/index.php?rest_route=%2Fwp%2Fv2%2Fcomments&post=6325"}],"version-history":[{"count":1,"href":"https:\/\/www.tw24.net\/index.php?rest_route=\/wp\/v2\/posts\/6325\/revisions"}],"predecessor-version":[{"id":6326,"href":"https:\/\/www.tw24.net\/index.php?rest_route=\/wp\/v2\/posts\/6325\/revisions\/6326"}],"wp:attachment":[{"href":"https:\/\/www.tw24.net\/index.php?rest_route=%2Fwp%2Fv2%2Fmedia&parent=6325"}],"wp:term":[{"taxonomy":"category","embeddable":true,"href":"https:\/\/www.tw24.net\/index.php?rest_route=%2Fwp%2Fv2%2Fcategories&post=6325"},{"taxonomy":"post_tag","embeddable":true,"href":"https:\/\/www.tw24.net\/index.php?rest_route=%2Fwp%2Fv2%2Ftags&post=6325"}],"curies":[{"name":"wp","href":"https:\/\/api.w.org\/{rel}","templated":true}]}}