{"id":6327,"date":"2022-04-02T14:31:51","date_gmt":"2022-04-02T12:31:51","guid":{"rendered":"https:\/\/www.tw24.net\/?p=6327"},"modified":"2022-04-02T14:31:51","modified_gmt":"2022-04-02T12:31:51","slug":"offenes-geheimnis-3","status":"publish","type":"post","link":"https:\/\/www.tw24.net\/?p=6327","title":{"rendered":"Offenes Geheimnis"},"content":{"rendered":"<p>Der Haushaltsausschu\u00df des Europ\u00e4ischen Parlaments hat sich in seiner Sitzung am Donnerstag einmal mehr kritisch zum \u00bbpal\u00e4stinensischen\u00ab Bildungssystem positioniert und finanziellen Transfers der Europ\u00e4ischen Union zu dessen Unterst\u00fctzung eine Absage erteilt. Bereits seit Anfang 2020 eingefrorene Mittel der EU, die f\u00fcr die \u00bbPal\u00e4stinenser\u00ab vorgesehen waren, d\u00fcrften damit weiter blockiert bleiben.<\/p>\n<p>Hatte Mohammad Shtayeh, der \u00bbMinisterpr\u00e4sident\u00ab des Regimes in Ramallah, sich noch j\u00fcngst gegen\u00fcber Vertretern der Europ\u00e4ischen Union bitterlich \u00fcber ausbleibende Zuwendungen aus Europa <a href=\"https:\/\/www.tw24.net\/?p=6309\">beklagt<\/a>, bescheinigen die Parlamentarier des Haushaltsausschusses des EU-Parlaments Ramallah nun gravierende Defizite bei der Umsetzung eigener Zusagen, die die Freigabe von Mitteln unm\u00f6glich machten.<\/p>\n<p>So macht die Europ\u00e4ische Union Zuwendungen f\u00fcr Bildung abh\u00e4ngig von der Einhaltung gewisser Standards der Vereinten Nationen. Die Haush\u00e4lter <a href=\"https:\/\/www.europarl.europa.eu\/meetdocs\/2014_2019\/plmrep\/COMMITTEES\/CONT\/AM\/2022\/03-31\/1250594DE.pdf\">wiesen<\/a> in ihren Beratungen jetzt darauf hin, da\u00df Ramallah trotz anderslautender Zusagen \u00bbkeine ausreichenden positiven \u00c4nderungen an Schulb\u00fcchern vorgenommen\u00ab habe und dadurch \u00bbdas Ziel einer k\u00fcnftigen Zwei-Staaten-L\u00f6sung weiter\u00ab gef\u00e4hrde.<\/p>\n<p>Nach Ansicht der Parlamentarier verst\u00f6\u00dft das Regime um \u00bbPr\u00e4sident\u00ab Abu Mazen durch sein Verhalten die \u00bbStrategie der Union zur Bek\u00e4mpfung von Antisemitismus\u00ab und k\u00f6nne daher nicht mehr unterst\u00fctzt werden, bis Ramalla sicherstelle, da\u00df einschl\u00e4gige \u00bbUNESCO-Standards f\u00fcr Frieden und Toleranz\u00ab auch an den \u00bbpal\u00e4stinensischen\u00ab Schulen in Gaza und den umstrittenen Gebieten umgesetzt werden.<\/p>\n<p>Stellt der Haushaltsausschu\u00df des Europ\u00e4ischen Parlaments mit seinen Empfehlungen haupts\u00e4chlich das Regime in Ramallah blo\u00df, dokumentieren die Parlamentarier gleichzeitig einen Kenntnisstand \u00fcber das \u00bbpal\u00e4stinensische\u00ab Bildungsunwesen, von dem man etwa im \u00bbwertegebundenen\u00ab Ausw\u00e4rtigen Amt in Berlin noch weit, weit entfernt scheint, wenn man dort die UNRWA als \u00bbverl\u00e4sslichen Partner\u00ab <a href=\"https:\/\/www.auswaertiges-amt.de\/de\/aussenpolitik\/themen\/humanitaere-hilfe\/baerbock-lazzarini\/2517974\">lobt<\/a>.<\/p>\n<p>Das \u00bbHilfswerk der Vereinten Nationen f\u00fcr Pal\u00e4stina-Fl\u00fcchtlinge im Nahen Osten\u00ab betreibt in Gaza und den umstrittenen Gebieten nicht eben wenige Schulen, in denen sich der Unterricht nach den Vorgaben Ramallahs richtet: Auch dort wird mit jenen Lehrpl\u00e4nen und Lehrb\u00fcchern gearbeitet, denen der Haushaltsausschu\u00df des EP bescheinigt, \u00bbdas Ziel einer k\u00fcnftigen Zwei-Staaten-L\u00f6sung\u00ab zu gef\u00e4hrden.<\/p>\n<p>Und dennoch verk\u00fcnden die von Au\u00dfenministerin Annalena Baerbock gef\u00fchrten Diplomaten unger\u00fchrt, \u00bbdie Bundesregierung wird UNRWA zus\u00e4tzlich mit acht Millionen Euro unterst\u00fctzen\u00ab. Ahnen sie tats\u00e4chlich nicht, was sich immerhin schon bis in den Haushaltsausschu\u00df des Europ\u00e4ischen Parlaments herumgesprochen hat, oder <i>wollen<\/i> die deutschen Diplomaten es gar nicht wissen? Beides w\u00e4re inakzeptabel.<\/p>\n","protected":false},"excerpt":{"rendered":"<p>Der Haushaltsausschu\u00df des Europ\u00e4ischen Parlaments hat sich in seiner Sitzung am Donnerstag einmal mehr kritisch zum \u00bbpal\u00e4stinensischen\u00ab Bildungssystem positioniert und finanziellen Transfers der Europ\u00e4ischen Union zu dessen Unterst\u00fctzung eine Absage erteilt. Bereits seit Anfang 2020 eingefrorene Mittel der EU, die f\u00fcr die \u00bbPal\u00e4stinenser\u00ab vorgesehen waren, d\u00fcrften damit weiter blockiert bleiben. Hatte Mohammad Shtayeh, der \u00bbMinisterpr\u00e4sident\u00ab [&hellip;]<\/p>\n","protected":false},"author":1,"featured_media":0,"comment_status":"open","ping_status":"open","sticky":false,"template":"","format":"standard","meta":{"footnotes":""},"categories":[2],"tags":[11,16,906,38,681,102,120,125,275,313,374,389,399],"class_list":["post-6327","post","type-post","status-publish","format-standard","hentry","category-allgemein","tag-palaestina","tag-abu-mazen","tag-annalena-baerbock","tag-antisemitismus","tag-bildungswesen","tag-deutschland","tag-eu","tag-europaeisches-parlament","tag-mohammad-shtayeh","tag-plo","tag-terrorismus","tag-unrwa","tag-vereinte-nationen"],"_links":{"self":[{"href":"https:\/\/www.tw24.net\/index.php?rest_route=\/wp\/v2\/posts\/6327","targetHints":{"allow":["GET"]}}],"collection":[{"href":"https:\/\/www.tw24.net\/index.php?rest_route=\/wp\/v2\/posts"}],"about":[{"href":"https:\/\/www.tw24.net\/index.php?rest_route=\/wp\/v2\/types\/post"}],"author":[{"embeddable":true,"href":"https:\/\/www.tw24.net\/index.php?rest_route=\/wp\/v2\/users\/1"}],"replies":[{"embeddable":true,"href":"https:\/\/www.tw24.net\/index.php?rest_route=%2Fwp%2Fv2%2Fcomments&post=6327"}],"version-history":[{"count":1,"href":"https:\/\/www.tw24.net\/index.php?rest_route=\/wp\/v2\/posts\/6327\/revisions"}],"predecessor-version":[{"id":6328,"href":"https:\/\/www.tw24.net\/index.php?rest_route=\/wp\/v2\/posts\/6327\/revisions\/6328"}],"wp:attachment":[{"href":"https:\/\/www.tw24.net\/index.php?rest_route=%2Fwp%2Fv2%2Fmedia&parent=6327"}],"wp:term":[{"taxonomy":"category","embeddable":true,"href":"https:\/\/www.tw24.net\/index.php?rest_route=%2Fwp%2Fv2%2Fcategories&post=6327"},{"taxonomy":"post_tag","embeddable":true,"href":"https:\/\/www.tw24.net\/index.php?rest_route=%2Fwp%2Fv2%2Ftags&post=6327"}],"curies":[{"name":"wp","href":"https:\/\/api.w.org\/{rel}","templated":true}]}}