{"id":6402,"date":"2022-05-03T13:31:32","date_gmt":"2022-05-03T11:31:32","guid":{"rendered":"https:\/\/www.tw24.net\/?p=6402"},"modified":"2022-05-03T13:31:32","modified_gmt":"2022-05-03T11:31:32","slug":"claqueure-der-hamas","status":"publish","type":"post","link":"https:\/\/www.tw24.net\/?p=6402","title":{"rendered":"Claqueure der Hamas"},"content":{"rendered":"<p>Am Montag haben Angeh\u00f6rige oder Anh\u00e4nger der Hamas auf dem Tempelberg ein martialisch illustriertes Banner mit \u00bbGl\u00fcckw\u00fcnschen\u00ab der islamistischen Terrororganisation an die \u00bbIslamische Nation\u00ab zum Fest des Fastenbrechens zum Ende des Ramadan gehi\u00dft. Wenn es auch nur kurze Zeit zu sehen war, erinnerte das Banner erneut daran, da\u00df der gegenw\u00e4rtige Status auf dem Tempelberg unhaltbar ist.<\/p>\n<p>Insbesondere jene arabischen Regimes, die sich in den vergangenen Wochen immer wieder mit den vor allem von jungen \u00bbPal\u00e4stinensern\u00ab getragenen Krawallen solidarisiert, die gewaltt\u00e4tigen Verletzungen der \u00bbW\u00fcrde\u00ab der angeblich \u00bbheiligen St\u00e4tte\u00ab durch den islamistischen Mob mit Beifall unterst\u00fctzt haben, sollten sich gerade nach diesem Montag fragen, wem genau da ihr Applaus gegolten haben k\u00f6nnte.<\/p>\n<p>Es ist n\u00e4mlich keineswegs ausgemacht, da\u00df die Krawalle, die auch nach den Angaben israelischer Sicherheitskr\u00e4fte von vergleichsweise wenigen Hetzern und Gewaltt\u00e4tern ausgingen, tats\u00e4chlich den Islam repr\u00e4sentierten oder auch nur mehrheitlich von den vielen Tausend muslimischen Gl\u00e4ubigen, die in diesen Wochen den Tempelberg besuchten, unterst\u00fctzt wurden. Das Gegenteil scheint jedenfalls m\u00f6glich.<\/p>\n<p>So kam es in den letzten Wochen eben auch vor, da\u00df sich Muslime den Hetzern und Steinewerfern, die mit ihren Hamas-Flaggen ja durchaus zeigten, welcher Ideologie sie sich n\u00e4her f\u00fchlen, in den Weg stellten und in die Schranken <a href=\"https:\/\/www.jpost.com\/breaking-news\/article-705516\">wiesen<\/a>. Wer aber lauthals die Krawalle beklatscht, st\u00f6\u00dft damit auch und gerade die Gl\u00e4ubigen vor den Kopf, die von ihnen so abgesto\u00dfen sind, da\u00df sie sogar dagegen aufbegehren.<\/p>\n<p>Die etwa von der Arabischen Liga vorgetragenen Forderungen, Juden den Zugang zum Tempelberg zu verwehren, sind vor diesem Hintergrund nicht \u00bbnur\u00ab antisemitisch, sie gehen schlicht an der Realit\u00e4t vorbei: Es waren, es sind nicht j\u00fcdische Gl\u00e4ubige, die die \u00bbW\u00fcrde\u00ab islamischer heiliger St\u00e4tten in Jerusalem verletzen, es sind Vertreter und Anh\u00e4nger der Hamas und \u00e4hnlicher islamistischer Organisationen.<\/p>\n<p>Das haben die \u00bbPal\u00e4stinenser\u00ab, die Gl\u00e4ubigen begriffen, die den islamistischen Mob und seine Gewalt zur\u00fcckwiesen. Bei der Arabischen Liga mu\u00df die Erkenntnis sich derweil noch durchsetzen. Ihr kollektiver Beifall galt ganz offenbar nicht muslimischen Gl\u00e4ubigen, sondern Gewaltt\u00e4tern der Hamas, mit denen jene nichts zu tun haben wollen. Ihnen sollten arabischer Applaus und Unterst\u00fctzung gelten.<\/p>\n","protected":false},"excerpt":{"rendered":"<p>Am Montag haben Angeh\u00f6rige oder Anh\u00e4nger der Hamas auf dem Tempelberg ein martialisch illustriertes Banner mit \u00bbGl\u00fcckw\u00fcnschen\u00ab der islamistischen Terrororganisation an die \u00bbIslamische Nation\u00ab zum Fest des Fastenbrechens zum Ende des Ramadan gehi\u00dft. Wenn es auch nur kurze Zeit zu sehen war, erinnerte das Banner erneut daran, da\u00df der gegenw\u00e4rtige Status auf dem Tempelberg unhaltbar [&hellip;]<\/p>\n","protected":false},"author":1,"featured_media":0,"comment_status":"open","ping_status":"open","sticky":false,"template":"","format":"standard","meta":{"footnotes":""},"categories":[2],"tags":[38,43,157,192,194,212,374],"class_list":["post-6402","post","type-post","status-publish","format-standard","hentry","category-allgemein","tag-antisemitismus","tag-arabische-liga","tag-hamas","tag-islamismus","tag-israel","tag-jerusalem","tag-terrorismus"],"_links":{"self":[{"href":"https:\/\/www.tw24.net\/index.php?rest_route=\/wp\/v2\/posts\/6402","targetHints":{"allow":["GET"]}}],"collection":[{"href":"https:\/\/www.tw24.net\/index.php?rest_route=\/wp\/v2\/posts"}],"about":[{"href":"https:\/\/www.tw24.net\/index.php?rest_route=\/wp\/v2\/types\/post"}],"author":[{"embeddable":true,"href":"https:\/\/www.tw24.net\/index.php?rest_route=\/wp\/v2\/users\/1"}],"replies":[{"embeddable":true,"href":"https:\/\/www.tw24.net\/index.php?rest_route=%2Fwp%2Fv2%2Fcomments&post=6402"}],"version-history":[{"count":1,"href":"https:\/\/www.tw24.net\/index.php?rest_route=\/wp\/v2\/posts\/6402\/revisions"}],"predecessor-version":[{"id":6403,"href":"https:\/\/www.tw24.net\/index.php?rest_route=\/wp\/v2\/posts\/6402\/revisions\/6403"}],"wp:attachment":[{"href":"https:\/\/www.tw24.net\/index.php?rest_route=%2Fwp%2Fv2%2Fmedia&parent=6402"}],"wp:term":[{"taxonomy":"category","embeddable":true,"href":"https:\/\/www.tw24.net\/index.php?rest_route=%2Fwp%2Fv2%2Fcategories&post=6402"},{"taxonomy":"post_tag","embeddable":true,"href":"https:\/\/www.tw24.net\/index.php?rest_route=%2Fwp%2Fv2%2Ftags&post=6402"}],"curies":[{"name":"wp","href":"https:\/\/api.w.org\/{rel}","templated":true}]}}