{"id":65,"date":"2018-02-22T11:49:11","date_gmt":"2018-02-22T11:49:11","guid":{"rendered":"http:\/\/www.tw24.net\/?p=65"},"modified":"2018-02-22T11:49:11","modified_gmt":"2018-02-22T11:49:11","slug":"heuchler-2","status":"publish","type":"post","link":"https:\/\/www.tw24.net\/?p=65","title":{"rendered":"Heuchler"},"content":{"rendered":"<p>\t\t\t\tAbu Mazen, der als \u00bbPal\u00e4stinenserpr\u00e4sident\u00ab firmierende Kopf des Regimes in Ramallah, hat vor dem Sicherheitsrat der Vereinten Nationen seine Ablehnung amerikanischer Vermnittlungsbem\u00fchungen um eine L\u00f6sung des Konflikts zwischen Israel und \u00bbpal\u00e4stinensischen\u00ab terroristischen Gangs bekr\u00e4ftigt. Er hat sich damit erneut gegen Frieden und gegen \u00bbPal\u00e4stina\u00ab ausgesprochen.<\/p>\n<p>Regte der \u00bbPal\u00e4stinenserpr\u00e4sident\u00ab gleichzeitig eine neue internationale Initiative zur Konfliktl\u00f6sung an, sollte dies nicht als ein Bekenntnis zum Friedensproze\u00df mi\u00dfverstanden werden. Mit diesem Vorschlag camouflieren die \u00bbPal\u00e4stinenser\u00ab nur ihre Weigerung, mit Jerusalem zu verhandeln. Zuletzt hatte Israels Premier Benjamin Netanjahu in Davos Abu Mazen zu Gespr\u00e4chen eingeladen.<\/p>\n<p>Tats\u00e4chlich ist die von Abu Mazen gew\u00fcnschte Internationalisierung Teil des \u00bbdiplomatischen Kriegs\u00ab der \u00bbPal\u00e4stinenser\u00ab gegen Israel. Der j\u00fcdische Staat soll auf internationaler Ebene d\u00e4monisiert, diskreditiert und ausgegrenzt werden. Die \u00bbPal\u00e4stinenser\u00ab erhoffen sich so Anerkennung, ganz offen forderte Abu Mazen denn auch die sofortige Aufnahme \u00bbPal\u00e4stinas\u00ab als UN-Mitglied.<\/p>\n<p>Damit jedoch w\u00fcrde alles auf den Kopf gestellt, was bisher als vereinbart galt: Erst sollen sich die Konfliktparteien \u2013 gegebenenfalls auch unter Vermittlung \u2013 auf eine L\u00f6sung bestehender Probleme verst\u00e4ndigen, dann kann und soll ein unabh\u00e4ngiger und demokratischer Staat \u00bbPal\u00e4stina\u00ab als friedlicher Nachbar Israels entstehen und auch vollwertiges Mitglied der Vereinten Nationen werden.<\/p>\n<p>K\u00fcrzlich hat \u00bbPal\u00e4stinenserpr\u00e4sident\u00ab Abu Mazen vor dem \u00bbPal\u00e4stinensischen Nationalrat\u00ab eine von antisemitischem Ha\u00df gepr\u00e4gte Rede gehalten und seine PLO, die vorgibt, \u00bbPal\u00e4stina\u00ab zu repr\u00e4sentieren, aufgefordert, ihre ohnehin unglaubw\u00fcrdige Anerkennung Israels zur\u00fcckzuziehen, und die Vertr\u00e4ge von Oslo f\u00fcr tot erkl\u00e4rt. Selbst die Vereinten Nationen nannten diese Rede <a href=\"https:\/\/www.i24news.tv\/en\/news\/israel\/166461-180130-un-peace-envoy-criticizes-abbas-speech-warns-gaza-on-brink-of-collapse\">\u00bbinakzeptabel\u00ab<\/a>.<\/p>\n<p>Bei seinem Auftritt vor dem Sicherheitsrat der Vereinten Nationen gab sich der \u00bbPal\u00e4stinenserpr\u00e4sident\u00ab im Tonfall weniger hetzerisch, inhaltlich aber hatte er keine neue Botschaft zu vermitteln. Er machte einmal mehr deutlich, da\u00df die \u00bbPal\u00e4stinenser\u00ab, so sie sich von ihm repr\u00e4sentiert f\u00fchlen, an einem Frieden mit und f\u00fcr Israel nicht interessiert sind, sondern an fortgesetzter Konfrontation.\t\t\t\t<\/p>\n","protected":false},"excerpt":{"rendered":"<p>Abu Mazen, der als \u00bbPal\u00e4stinenserpr\u00e4sident\u00ab firmierende Kopf des Regimes in Ramallah, hat vor dem Sicherheitsrat der Vereinten Nationen seine Ablehnung amerikanischer Vermnittlungsbem\u00fchungen um eine L\u00f6sung des Konflikts zwischen Israel und \u00bbpal\u00e4stinensischen\u00ab terroristischen Gangs bekr\u00e4ftigt. Er hat sich damit erneut gegen Frieden und gegen \u00bbPal\u00e4stina\u00ab ausgesprochen. Regte der \u00bbPal\u00e4stinenserpr\u00e4sident\u00ab gleichzeitig eine neue internationale Initiative zur Konfliktl\u00f6sung [&hellip;]<\/p>\n","protected":false},"author":1,"featured_media":0,"comment_status":"open","ping_status":"open","sticky":false,"template":"","format":"standard","meta":{"footnotes":""},"categories":[2],"tags":[16,147,382,399],"class_list":["post-65","post","type-post","status-publish","format-standard","hentry","category-allgemein","tag-abu-mazen","tag-friedensprozess","tag-un-sicherheitsrat","tag-vereinte-nationen"],"_links":{"self":[{"href":"https:\/\/www.tw24.net\/index.php?rest_route=\/wp\/v2\/posts\/65","targetHints":{"allow":["GET"]}}],"collection":[{"href":"https:\/\/www.tw24.net\/index.php?rest_route=\/wp\/v2\/posts"}],"about":[{"href":"https:\/\/www.tw24.net\/index.php?rest_route=\/wp\/v2\/types\/post"}],"author":[{"embeddable":true,"href":"https:\/\/www.tw24.net\/index.php?rest_route=\/wp\/v2\/users\/1"}],"replies":[{"embeddable":true,"href":"https:\/\/www.tw24.net\/index.php?rest_route=%2Fwp%2Fv2%2Fcomments&post=65"}],"version-history":[{"count":0,"href":"https:\/\/www.tw24.net\/index.php?rest_route=\/wp\/v2\/posts\/65\/revisions"}],"wp:attachment":[{"href":"https:\/\/www.tw24.net\/index.php?rest_route=%2Fwp%2Fv2%2Fmedia&parent=65"}],"wp:term":[{"taxonomy":"category","embeddable":true,"href":"https:\/\/www.tw24.net\/index.php?rest_route=%2Fwp%2Fv2%2Fcategories&post=65"},{"taxonomy":"post_tag","embeddable":true,"href":"https:\/\/www.tw24.net\/index.php?rest_route=%2Fwp%2Fv2%2Ftags&post=65"}],"curies":[{"name":"wp","href":"https:\/\/api.w.org\/{rel}","templated":true}]}}