{"id":6504,"date":"2022-06-13T15:14:49","date_gmt":"2022-06-13T13:14:49","guid":{"rendered":"https:\/\/www.tw24.net\/?p=6504"},"modified":"2022-06-13T15:14:49","modified_gmt":"2022-06-13T13:14:49","slug":"entscheidung-in-ramallah","status":"publish","type":"post","link":"https:\/\/www.tw24.net\/?p=6504","title":{"rendered":"Entscheidung in Ramallah"},"content":{"rendered":"<p>Die Pr\u00e4sidentin der Europ\u00e4ischen Kommission, die ehemalige deutsche Verteidigungsministerin Ursula von der Leyen, ist zu einer zweit\u00e4gigen Reise nach Israel, Jordanien und zum PLO-Regime in Ramallah aufgebrochen. In \u00bbPal\u00e4stina\u00ab, wo die Unionspolitikerin sich in Ramallah mit \u00bbPremierminister\u00ab Mohammad Shtayeh treffen will, sind die Erwartungen an Ursula von der Leyen dabei besonders hoch.<\/p>\n<p>Die EU hat viele Jahre lang mit \u00fcppigen finanziellen Zuwendungen daf\u00fcr gesorgt, da\u00df \u00bbPal\u00e4stinenser\u00ab im Weltma\u00dfstab pro Kopf die meiste internationale Hilfe bekamen. Seit einigen Monaten jedoch ist der Finanzstrom aus Br\u00fcssel nahezu versiegt. Und der f\u00fcr Erweiterungsfragen und die \u00bbNachbarschaftspolitik\u00ab zust\u00e4ndige EU-Kommissar Oliv\u00e9r V\u00e1rhelyi hat wenig Interesse an einer Wiederaufnahme der Hilfen.<\/p>\n<p>Hauptgrund daf\u00fcr ist die Weigerung Ramallahs, antisemitische und den \u00bbpal\u00e4stinensischen\u00ab Terrorismus glorifizierende Inhalte aus Lehrb\u00fcchern zu entfernen. Nach einer von der EU-Kommission &#8211; freilich eher widerwillig &#8211; beauftragten und schlie\u00dflich publizierten Studie erf\u00fcllen \u00bbpal\u00e4stinensische\u00ab Lehrb\u00fccher die einschl\u00e4gigen UNESCO-Standards nicht und s\u00e4en auf vielerlei Weise antisemitischen Ha\u00df.<\/p>\n<p>Zwar wollten und wollen die EU und ihre Mitglieder nichts mit den Lehrb\u00fcchern Ramallahs zu tun haben, Europa allerdings hat mit seinen nun eingefrorenen Zuwendungen viel zu lange etwa die Geh\u00e4lter jener beim PLO-Regime angestellten Lehrkr\u00e4fte finanziert, die mit ihnen arbeiten, als da\u00df es sich ahnungslos geben und glaubhaft die Mitverantwortung f\u00fcr die Verbreitung von Antisemitismus bestreiten k\u00f6nnte.<\/p>\n<p>Dennoch ist die Aussetzung der Finanztransfers an Ramallah in Br\u00fcssel leider nicht v\u00f6llig unumstritten. Erst im April wandten sich zahlreiche Au\u00dfenminister von Mitgliedsstaaten der EU in einem <a href=\"https:\/\/www.politico.eu\/wp-content\/uploads\/2022\/04\/11\/LETTER-PALESTINIAN-1-1.pdf\">Schreiben<\/a> an Ursula von der Leyen und verlangten, Oliv\u00e9r V\u00e1rhelyis Entscheidung r\u00fcckg\u00e4ngig zu machen. Auch deshalb hofft die \u00bbPal\u00e4stinenserf\u00fchrung\u00ab, die Kommissionspr\u00e4sidentin in ihrem Sinn beeinflussen zu k\u00f6nnen.<\/p>\n<p>Ursula von der Leyen k\u00f6nnte, und das w\u00e4re die einzige tats\u00e4chlich richtige Entscheidung, Kommissar Oliv\u00e9r V\u00e1rhelyi den R\u00fccken st\u00e4rken. Sie h\u00e4tte aber auch die Macht, den ungarischen Politiker zu \u00fcberstimmen. Damit w\u00fcrde die deutsche Christdemokratin indes wissentlich die Finanzierung eines antisemitischen und zutiefst in Terrorismus verstrickten Regimes durch die Europ\u00e4ische Union erm\u00f6glichen.<\/p>\n<p>Die Wiederaufnahme der Finanztransfers unter Bedingungen w\u00e4re ein \u00bbKompromi\u00df\u00ab, ein durchaus zweifelhafter, denn Ramallah d\u00fcrfte versuchen Mechanismen zur \u00dcberpr\u00fcfung deren Einhaltung zu behindern oder zu manipulieren. \u00d6ffentlich hat \u00bbPremierminister\u00ab Mohammad Shtayeh derweil schon alle denkbaren Bedingungen zur\u00fcckgewiesen. Man darf gespannt sein, ob Ursula von der Leyen ihm eine Abfuhr erteilt.<\/p>\n","protected":false},"excerpt":{"rendered":"<p>Die Pr\u00e4sidentin der Europ\u00e4ischen Kommission, die ehemalige deutsche Verteidigungsministerin Ursula von der Leyen, ist zu einer zweit\u00e4gigen Reise nach Israel, Jordanien und zum PLO-Regime in Ramallah aufgebrochen. In \u00bbPal\u00e4stina\u00ab, wo die Unionspolitikerin sich in Ramallah mit \u00bbPremierminister\u00ab Mohammad Shtayeh treffen will, sind die Erwartungen an Ursula von der Leyen dabei besonders hoch. Die EU hat [&hellip;]<\/p>\n","protected":false},"author":1,"featured_media":0,"comment_status":"open","ping_status":"open","sticky":false,"template":"","format":"standard","meta":{"footnotes":""},"categories":[2],"tags":[11,38,42,102,120,124,130,147,194,275,978,313,374,507],"class_list":["post-6504","post","type-post","status-publish","format-standard","hentry","category-allgemein","tag-palaestina","tag-antisemitismus","tag-appeasement","tag-deutschland","tag-eu","tag-europaeische-union","tag-fatah","tag-friedensprozess","tag-israel","tag-mohammad-shtayeh","tag-oliver-varhelyi","tag-plo","tag-terrorismus","tag-ursula-von-der-leyen"],"_links":{"self":[{"href":"https:\/\/www.tw24.net\/index.php?rest_route=\/wp\/v2\/posts\/6504","targetHints":{"allow":["GET"]}}],"collection":[{"href":"https:\/\/www.tw24.net\/index.php?rest_route=\/wp\/v2\/posts"}],"about":[{"href":"https:\/\/www.tw24.net\/index.php?rest_route=\/wp\/v2\/types\/post"}],"author":[{"embeddable":true,"href":"https:\/\/www.tw24.net\/index.php?rest_route=\/wp\/v2\/users\/1"}],"replies":[{"embeddable":true,"href":"https:\/\/www.tw24.net\/index.php?rest_route=%2Fwp%2Fv2%2Fcomments&post=6504"}],"version-history":[{"count":1,"href":"https:\/\/www.tw24.net\/index.php?rest_route=\/wp\/v2\/posts\/6504\/revisions"}],"predecessor-version":[{"id":6505,"href":"https:\/\/www.tw24.net\/index.php?rest_route=\/wp\/v2\/posts\/6504\/revisions\/6505"}],"wp:attachment":[{"href":"https:\/\/www.tw24.net\/index.php?rest_route=%2Fwp%2Fv2%2Fmedia&parent=6504"}],"wp:term":[{"taxonomy":"category","embeddable":true,"href":"https:\/\/www.tw24.net\/index.php?rest_route=%2Fwp%2Fv2%2Fcategories&post=6504"},{"taxonomy":"post_tag","embeddable":true,"href":"https:\/\/www.tw24.net\/index.php?rest_route=%2Fwp%2Fv2%2Ftags&post=6504"}],"curies":[{"name":"wp","href":"https:\/\/api.w.org\/{rel}","templated":true}]}}