{"id":6643,"date":"2022-08-07T15:06:33","date_gmt":"2022-08-07T13:06:33","guid":{"rendered":"https:\/\/www.tw24.net\/?p=6643"},"modified":"2022-08-07T15:06:33","modified_gmt":"2022-08-07T13:06:33","slug":"falsches-gedenken-2","status":"publish","type":"post","link":"https:\/\/www.tw24.net\/?p=6643","title":{"rendered":"Falsches Gedenken"},"content":{"rendered":"<p>In Hiroshima wurde am Wochenende &#8211; leider unter Beteiligung des UN-Generalsekret\u00e4rs Ant\u00f3nio Guterres &#8211; an den Einsatz einer Atombombe vor 77 Jahren erinnert. Auch in Nagasaki, wo am 9. August 1945 eine weitere Atombombe detonierte, wird das Jubil\u00e4um begangen. Bereits vor etwa vier Wochen hatte hier die deutsche Au\u00dfenministerin Annalena Baerbock f\u00fcr eine von Kernwaffen freie Welt geworben.<\/p>\n<p>Und ganz ohne Frage gibt es eine ganze Reihe \u00fcberzeugender Gr\u00fcnde, Kernwaffen zu f\u00fcrchten und sich daher gegen ihre Herstellung, Verbreitung und ihren Einsatz zu engagieren. Da\u00df dies allerdings vor dem Hintergrund der Eins\u00e4tze von \u00bbLittle Boy\u00ab und \u00bbFat Man\u00ab gegen Japan im August 1945 geschieht, scheint reichlich unangebracht, inszeniert sich das Kaiserreich dabei doch regelm\u00e4\u00dfig als Opfer, das es nie war.<\/p>\n<p>Nur allzu gern wird n\u00e4mlich bei dem daher falschen Gedenken in Hiroshima und Nagasaki ausgeblendet, welche Verbrechen Japan im Zweiten Weltkrieg an der Seite des Deutschen Reichs und Italiens beging, seit es am 7. Dezember 1941 mit seinem \u00dcberfall auf den damaligen amerikanischen Flottenst\u00fctzpunkt Pearl Harbour den Zweiten Weltkrieg in S\u00fcdostasien und dem s\u00fcdwestlichen Pazifik er\u00f6ffnet hatte.<\/p>\n<p>Der Abwurf der Atombomben \u00fcber Hiroshima und Nagasaki rettete nicht nur zahlreichen amerikanischen Soldaten das Leben, die sonst im Kampf gegen das Kaiserreich noch verletzt worden oder gefallen w\u00e4ren. Weil sie halfen, das Ende der japanischen Schreckensherrschaft in weiten Teilen der Region zu beschleunigen, Tokyo kapitulierte im September 1945, waren sie wom\u00f6glich ein Segen f\u00fcr die Menschheit.<\/p>\n<p>\u00bbLittle Boy\u00ab und \u00bbFat Man\u00ab haben einen Kontext eine Vorgeschichte, den und die selbst das heutige Japan noch nur allzu gern beschweigt und verleugnet. Als billige Statisten der allj\u00e4hrlichen japanischen Selbstviktimisierung haben sich Annalena Baerbock und Ant\u00f3nio Guterres zu Komplizen einer Geschichtsf\u00e4lschung derer gemacht, die in Japan bis heute der \u00bbGro\u00dfasiatischen Wohlstandssph\u00e4re\u00ab hinterhertrauern.<\/p>\n","protected":false},"excerpt":{"rendered":"<p>In Hiroshima wurde am Wochenende &#8211; leider unter Beteiligung des UN-Generalsekret\u00e4rs Ant\u00f3nio Guterres &#8211; an den Einsatz einer Atombombe vor 77 Jahren erinnert. Auch in Nagasaki, wo am 9. August 1945 eine weitere Atombombe detonierte, wird das Jubil\u00e4um begangen. Bereits vor etwa vier Wochen hatte hier die deutsche Au\u00dfenministerin Annalena Baerbock f\u00fcr eine von Kernwaffen [&hellip;]<\/p>\n","protected":false},"author":1,"featured_media":0,"comment_status":"open","ping_status":"open","sticky":false,"template":"","format":"standard","meta":{"footnotes":""},"categories":[2],"tags":[37,1002,68,102,112,202,481,397,399],"class_list":["post-6643","post","type-post","status-publish","format-standard","hentry","category-allgemein","tag-antiamerikanismus","tag-atomwaffen","tag-bigotterie","tag-deutschland","tag-double-standards","tag-japan","tag-kernwaffen","tag-vereinigte-staaten","tag-vereinte-nationen"],"_links":{"self":[{"href":"https:\/\/www.tw24.net\/index.php?rest_route=\/wp\/v2\/posts\/6643","targetHints":{"allow":["GET"]}}],"collection":[{"href":"https:\/\/www.tw24.net\/index.php?rest_route=\/wp\/v2\/posts"}],"about":[{"href":"https:\/\/www.tw24.net\/index.php?rest_route=\/wp\/v2\/types\/post"}],"author":[{"embeddable":true,"href":"https:\/\/www.tw24.net\/index.php?rest_route=\/wp\/v2\/users\/1"}],"replies":[{"embeddable":true,"href":"https:\/\/www.tw24.net\/index.php?rest_route=%2Fwp%2Fv2%2Fcomments&post=6643"}],"version-history":[{"count":1,"href":"https:\/\/www.tw24.net\/index.php?rest_route=\/wp\/v2\/posts\/6643\/revisions"}],"predecessor-version":[{"id":6644,"href":"https:\/\/www.tw24.net\/index.php?rest_route=\/wp\/v2\/posts\/6643\/revisions\/6644"}],"wp:attachment":[{"href":"https:\/\/www.tw24.net\/index.php?rest_route=%2Fwp%2Fv2%2Fmedia&parent=6643"}],"wp:term":[{"taxonomy":"category","embeddable":true,"href":"https:\/\/www.tw24.net\/index.php?rest_route=%2Fwp%2Fv2%2Fcategories&post=6643"},{"taxonomy":"post_tag","embeddable":true,"href":"https:\/\/www.tw24.net\/index.php?rest_route=%2Fwp%2Fv2%2Ftags&post=6643"}],"curies":[{"name":"wp","href":"https:\/\/api.w.org\/{rel}","templated":true}]}}