{"id":6649,"date":"2022-08-10T14:24:21","date_gmt":"2022-08-10T12:24:21","guid":{"rendered":"https:\/\/www.tw24.net\/?p=6649"},"modified":"2022-08-10T14:24:21","modified_gmt":"2022-08-10T12:24:21","slug":"strategische-partnerschaft-3","status":"publish","type":"post","link":"https:\/\/www.tw24.net\/?p=6649","title":{"rendered":"Strategische Partnerschaft"},"content":{"rendered":"<p>Die Europ\u00e4ische Union hat ihre Bereitschaft <a href=\"https:\/\/ec.europa.eu\/commission\/presscorner\/detail\/en\/IP_22_4884\">signalisiert<\/a>, das \u00bbHilfswerk der Vereinten Nationen f\u00fcr Pal\u00e4stina-Fl\u00fcchtlinge im Nahen Osten\u00ab, die UNRWA, auch in den kommenden Jahren finanziell zu unterst\u00fctzen. Im Rahmen ihres Abkommens \u00fcber die Verl\u00e4ngerung ihrer strategische Partnerschaft bis 2024 sagt die EU der ber\u00fcchtigten UNRWA insgesamt rund 261 Millionen Euro f\u00fcr die n\u00e4chsten drei Jahre zu.<\/p>\n<p>Nach Angaben ihres Hohen Au\u00dfenbeauftragten Josep Borrell Fontelles ist die EU \u00bbals langj\u00e4hriger Partner des UNRWA entschlossen, die T\u00e4tigkeiten des Hilfswerks weiterhin politisch und finanziell zu unterst\u00fctzen\u00ab, das bereits \u00bbseit jeher [..] f\u00fcr den notwendigen Schutz und die Bereitstellung grundlegender Dienste f\u00fcr pal\u00e4stinensische Fl\u00fcchtlinge\u00ab sorge und \u00bbFrieden und Stabilit\u00e4t in der Region\u00ab f\u00f6rdere.<\/p>\n<p>Der \u00bbAu\u00dfenminister\u00ab der Europ\u00e4ischen Union offenbart mit seinem Wohlwollen erneut ein bedenkliches Ausma\u00df an Realit\u00e4tsverweigerung. Ausgerechnet der UNRWA einen Beitrag zu Frieden und Stabilit\u00e4t zu unterstellen, ist allein schon deshalb gewagt, weil das Mandat des angeblichen \u00bbHilfswerks\u00ab alle drei Jahre durch die Vollversammlung der Vereinten Nationen um diese Zeit verl\u00e4ngert werden mu\u00df.<\/p>\n<p>Es ist zwar unwahrscheinlich, da\u00df die Vereinten Nationen die auch 2022 wieder anstehende Verl\u00e4ngerung dieses Mandats verweigern werden, was gleichwohl vern\u00fcnftig w\u00e4re. Dennoch kann eine Organisation, deren Bestand \u00fcber das Jahr 2023 hinaus jedenfalls <i>noch<\/i> nicht sicher ist und die dar\u00fcber hinaus trotz \u00fcppiger europ\u00e4ischer Unterst\u00fctzung notorisch unterfinanziert ist, kein Quell von Stabilit\u00e4t sein.<\/p>\n<p>Doch auch unabh\u00e4ngig davon ist die Arbeit des \u00bbHilfswerks\u00ab gar nicht darauf ausgerichtet, Stabilit\u00e4t zu bewahren oder gar Frieden zu stiften. Das von ihr verk\u00f6rperte und propagierte \u00bbRecht auf R\u00fcckkehr\u00ab f\u00fcr die von ihr inflation\u00e4r zu \u00bbFl\u00fcchtlingen\u00ab herabgew\u00fcrdigten und entrechteten \u00bbPal\u00e4stinenser\u00ab stellt eine sehr latente Bedrohung f\u00fcr den Bestand Israels als j\u00fcdischer Staat dar, als <i>der<\/i> j\u00fcdische Staat.<\/p>\n<p>Nicht zuletzt scheint das Personal der UNRWA selbst nicht so recht \u00fcberzeugt zu sein von der ihm daher eben blo\u00df angedichteten Friedensmission: Immer wieder taucht Lehrmaterial des \u00bbHilfswerks\u00ab auf, das Terroristen glorifiziert und antisemitische Ressentiments verbreitet, immer wieder werden UNRWA-Lehrer auff\u00e4llig, die auch au\u00dferhalb der Schulen des \u00bbHilsfwerks\u00ab den \u00bbWiderstand\u00ab bewundern.<\/p>\n<p>Mit ihrer langj\u00e4hrigen finanziellen Gro\u00dfz\u00fcgigkeit gegen\u00fcber der United Nations Relief and Works Agency for Palestine Refugees in the Near East, mit ihrer ausdr\u00fccklichen politischen Unterst\u00fctzung ist die Europ\u00e4ische Union willentlich und wissentlich Komplizin des \u00bbHilfswerks\u00ab. Und sie ist denn auch verantwortlich f\u00fcr die Folgen ihres Engagements. Sie sollte die Selbstachtung haben, sich dazu zu bekennen.<\/p>\n","protected":false},"excerpt":{"rendered":"<p>Die Europ\u00e4ische Union hat ihre Bereitschaft signalisiert, das \u00bbHilfswerk der Vereinten Nationen f\u00fcr Pal\u00e4stina-Fl\u00fcchtlinge im Nahen Osten\u00ab, die UNRWA, auch in den kommenden Jahren finanziell zu unterst\u00fctzen. Im Rahmen ihres Abkommens \u00fcber die Verl\u00e4ngerung ihrer strategische Partnerschaft bis 2024 sagt die EU der ber\u00fcchtigten UNRWA insgesamt rund 261 Millionen Euro f\u00fcr die n\u00e4chsten drei Jahre [&hellip;]<\/p>\n","protected":false},"author":1,"featured_media":0,"comment_status":"open","ping_status":"open","sticky":false,"template":"","format":"standard","meta":{"footnotes":""},"categories":[2],"tags":[11,38,120,123,124,560,374,389,399],"class_list":["post-6649","post","type-post","status-publish","format-standard","hentry","category-allgemein","tag-palaestina","tag-antisemitismus","tag-eu","tag-europaeische-kommission","tag-europaeische-union","tag-josep-borrell-fontelles","tag-terrorismus","tag-unrwa","tag-vereinte-nationen"],"_links":{"self":[{"href":"https:\/\/www.tw24.net\/index.php?rest_route=\/wp\/v2\/posts\/6649","targetHints":{"allow":["GET"]}}],"collection":[{"href":"https:\/\/www.tw24.net\/index.php?rest_route=\/wp\/v2\/posts"}],"about":[{"href":"https:\/\/www.tw24.net\/index.php?rest_route=\/wp\/v2\/types\/post"}],"author":[{"embeddable":true,"href":"https:\/\/www.tw24.net\/index.php?rest_route=\/wp\/v2\/users\/1"}],"replies":[{"embeddable":true,"href":"https:\/\/www.tw24.net\/index.php?rest_route=%2Fwp%2Fv2%2Fcomments&post=6649"}],"version-history":[{"count":1,"href":"https:\/\/www.tw24.net\/index.php?rest_route=\/wp\/v2\/posts\/6649\/revisions"}],"predecessor-version":[{"id":6650,"href":"https:\/\/www.tw24.net\/index.php?rest_route=\/wp\/v2\/posts\/6649\/revisions\/6650"}],"wp:attachment":[{"href":"https:\/\/www.tw24.net\/index.php?rest_route=%2Fwp%2Fv2%2Fmedia&parent=6649"}],"wp:term":[{"taxonomy":"category","embeddable":true,"href":"https:\/\/www.tw24.net\/index.php?rest_route=%2Fwp%2Fv2%2Fcategories&post=6649"},{"taxonomy":"post_tag","embeddable":true,"href":"https:\/\/www.tw24.net\/index.php?rest_route=%2Fwp%2Fv2%2Ftags&post=6649"}],"curies":[{"name":"wp","href":"https:\/\/api.w.org\/{rel}","templated":true}]}}