{"id":6651,"date":"2022-08-11T13:20:27","date_gmt":"2022-08-11T11:20:27","guid":{"rendered":"https:\/\/www.tw24.net\/?p=6651"},"modified":"2022-08-11T13:23:38","modified_gmt":"2022-08-11T11:23:38","slug":"hochverraeter","status":"publish","type":"post","link":"https:\/\/www.tw24.net\/?p=6651","title":{"rendered":"Hochverr\u00e4ter"},"content":{"rendered":"<p>Wenn Mitte September in New York die Vollversammlung der Vereinten Nationen zu ihren allj\u00e4hrlichen Beratungen zusammentritt, wird auch Abu Mazen wieder mit von der Partie sein, der auch als Mahmoud Abbas firmierende \u00bbPr\u00e4sident\u00ab des Regimes in Ramallah, der sich als \u00bbeinziger legitimer Repr\u00e4sentant Pal\u00e4stinas\u00ab versteht und die Weltgemeinschaft zu dessen Anerkennung als Staat auffordern will.<\/p>\n<p>W\u00e4hrend viele Staaten \u00bbPal\u00e4stina\u00ab &#8211; leider &#8211; ohnehin schon anerkennen und auch im Kreis derer, die das noch nicht tun, die prinzipielle Bereitschaft dazu verbreitet ist, wirft freilich das unverantwortliche Verhalten der \u00bbPal\u00e4stinenserf\u00fchrung\u00ab selbst immer wieder Fragen auf, ob sie tats\u00e4chlich \u00fcberhaupt gewillt und in der Lage w\u00e4re, dieses ja auch von ihr postulierte Ziel auf angemessene Weise umzusetzen.<\/p>\n<p>Wo war, beispielsweise, \u00bbPr\u00e4sident\u00ab Abu Mazen in den Tagen der j\u00fcngsten milit\u00e4rischen Konfrontationen zwischen \u00bbpal\u00e4stinensischen\u00ab Terroristen in Gaza und Israel? Verurteilte Abu Mazen Bestrebungen des mit Teheran alliierten Islamic Jihad, seinen Einflu\u00df in Gaza auszubauen, aber auch in den umstrittenen Gebieten, \u00fcber die das Regime in Ramallah mit internationaler Anerkennung herrschen will?<\/p>\n<p>Tats\u00e4chlich herrschte kein Mangel an Verleumdungen Israels und dessen Vorgehens gegen die islamistischen Terroristen. W\u00e4hrend die in Gaza herrschende Hamas nachgerade wortkarg blieb, solidarisierten Abu Mazen und sein Regime sich unverh\u00fcllt mit dem Islamic Jihad, obgleich der l\u00e4ngst nicht mehr nur in Gaza und Jenin eine sehr letale Bedrohung des Alleinvertretungsanspruchs Ramallahs darstellt.<\/p>\n<p>Wer aber \u00bbPr\u00e4sident\u00ab sein will und nach internationaler Anerkennung als solcher lechzt, dementiert sein Streben doch, wenn er Kr\u00e4ften beispringt, die ihn und sein Regime auf der lokalen Ebene bereits entthront haben. Ein \u00bbPr\u00e4sident\u00ab, der bereitwillig \u00bbsein\u00ab Einflu\u00dfgebiet an Konkurrenten verr\u00e4t, sollte allerdings auch auf der internationalen Ebene als K\u00f6nig ohne \u00bbVolk\u00ab und \u00bbReich\u00ab ignoriert werden, der er ist.<\/p>\n","protected":false},"excerpt":{"rendered":"<p>Wenn Mitte September in New York die Vollversammlung der Vereinten Nationen zu ihren allj\u00e4hrlichen Beratungen zusammentritt, wird auch Abu Mazen wieder mit von der Partie sein, der auch als Mahmoud Abbas firmierende \u00bbPr\u00e4sident\u00ab des Regimes in Ramallah, der sich als \u00bbeinziger legitimer Repr\u00e4sentant Pal\u00e4stinas\u00ab versteht und die Weltgemeinschaft zu dessen Anerkennung als Staat auffordern will. [&hellip;]<\/p>\n","protected":false},"author":1,"featured_media":0,"comment_status":"open","ping_status":"open","sticky":false,"template":"","format":"standard","meta":{"footnotes":""},"categories":[2],"tags":[11,16,1004,38,188,192,194,313,374,399],"class_list":["post-6651","post","type-post","status-publish","format-standard","hentry","category-allgemein","tag-palaestina","tag-abu-mazen","tag-alleinvertretungsanspruch","tag-antisemitismus","tag-islamic-jihad","tag-islamismus","tag-israel","tag-plo","tag-terrorismus","tag-vereinte-nationen"],"_links":{"self":[{"href":"https:\/\/www.tw24.net\/index.php?rest_route=\/wp\/v2\/posts\/6651","targetHints":{"allow":["GET"]}}],"collection":[{"href":"https:\/\/www.tw24.net\/index.php?rest_route=\/wp\/v2\/posts"}],"about":[{"href":"https:\/\/www.tw24.net\/index.php?rest_route=\/wp\/v2\/types\/post"}],"author":[{"embeddable":true,"href":"https:\/\/www.tw24.net\/index.php?rest_route=\/wp\/v2\/users\/1"}],"replies":[{"embeddable":true,"href":"https:\/\/www.tw24.net\/index.php?rest_route=%2Fwp%2Fv2%2Fcomments&post=6651"}],"version-history":[{"count":3,"href":"https:\/\/www.tw24.net\/index.php?rest_route=\/wp\/v2\/posts\/6651\/revisions"}],"predecessor-version":[{"id":6654,"href":"https:\/\/www.tw24.net\/index.php?rest_route=\/wp\/v2\/posts\/6651\/revisions\/6654"}],"wp:attachment":[{"href":"https:\/\/www.tw24.net\/index.php?rest_route=%2Fwp%2Fv2%2Fmedia&parent=6651"}],"wp:term":[{"taxonomy":"category","embeddable":true,"href":"https:\/\/www.tw24.net\/index.php?rest_route=%2Fwp%2Fv2%2Fcategories&post=6651"},{"taxonomy":"post_tag","embeddable":true,"href":"https:\/\/www.tw24.net\/index.php?rest_route=%2Fwp%2Fv2%2Ftags&post=6651"}],"curies":[{"name":"wp","href":"https:\/\/api.w.org\/{rel}","templated":true}]}}