{"id":6719,"date":"2022-09-06T14:32:31","date_gmt":"2022-09-06T12:32:31","guid":{"rendered":"https:\/\/www.tw24.net\/?p=6719"},"modified":"2022-09-06T14:34:16","modified_gmt":"2022-09-06T12:34:16","slug":"gedenkweltmeister-2","status":"publish","type":"post","link":"https:\/\/www.tw24.net\/?p=6719","title":{"rendered":"Gedenkweltmeister"},"content":{"rendered":"<p>Am Montag wurde in Bayern der Opfer des \u00dcberfalls \u00bbpal\u00e4stinensischer\u00ab Terroristen auf die f\u00fcr Israel zu den Spielen der XX. Olympiade 1972 angereisten Sportler gedacht. Leider ersparten die Angeh\u00f6rigen der massakrierten Olympioniken und der israelische Pr\u00e4sident Isaac Herzog mit ihrer Teilnahme an der Veranstaltung in F\u00fcrstenfeldbruck Deutschland die wohlverdiente internationale Blamage.<\/p>\n<p>Denn mit ihren auch an diesem Montag wieder ge\u00e4u\u00dferten Bekenntnissen gegen Antisemitismus und Terrorismus f\u00fcgte die deutsche Politik ihren zahllosen Lippenbekenntnissen, die allenfalls kosmetische Folgen hatten, nur weitere hinzu. Was n\u00fctzt es, wenn Bundespr\u00e4sident Frank-Walter Steinmeier &#8211; endlich &#8211; ein vielfaches deutsches Versagen einr\u00e4umte, dem Eingest\u00e4ndnis aber kein ad\u00e4quates Handeln folgt?<\/p>\n<p>W\u00e4hrend Frank-Walter Steinmeier am Montag in F\u00fcrstenfeldbruck von einem \u00bbVersagen\u00ab Deutschlands sprach, k\u00fcndigte ein deutscher Diplomat, Sven K\u00fchn von Burgsdorff, der es bisher bis zum Repr\u00e4sentanten der Europ\u00e4ischen Union in Ramallah gebracht hat, dem dortigen Regime um \u00bbPr\u00e4sident\u00ab Abu Mazen nicht nur weitere finanzielle Transfers im Umfang von nicht weniger als von 35 Millionen Euro an.<\/p>\n<p>Er wagte es auch noch, die Ank\u00fcndigung der europ\u00e4ischen Zuwendungen an das antisemitische Regime der PLO mit der Forderung an Israel zu verbinden, Jerusalem solle sich gef\u00e4lligst nicht l\u00e4nger gegen das System der \u00bbM\u00e4rtyrerrenten\u00ab wehren. Denn nichts anderes verbirgt sich hinter Sven K\u00fchn von Burgsdorffs Appell an \u00bbdie israelischen Beh\u00f6rden [..], ihre Verpflichtungen aus dem Pariser Protokoll\u00ab einzuhalten.<\/p>\n<p>W\u00e4hrend das deutsche Staatsoberhaupt da <a href=\"https:\/\/www.bundespraesident.de\/SharedDocs\/Reden\/DE\/Frank-Walter-Steinmeier\/Reden\/2022\/09\/220905-Gedenken-Olympia-Attentat.html\">fragte<\/a>, weshalb vor 50 Jahren \u00bbauch die Politik [..] alles [tat], um so schnell wie m\u00f6glich zur Tagesordnung \u00fcberzugehen\u00ab, versprach dort ein l\u00e4ngst einschl\u00e4gig ber\u00fcchtigter deutscher Diplomat namens seiner EU einem Antisemiten 35 Millionen Euro f\u00fcr dessen Regime und <a href=\"https:\/\/www.eeas.europa.eu\/delegations\/palestine-occupied-palestinian-territory-west-bank-and-gaza-strip\/\u20ac35-million-eu_en?s=206\">prangerte<\/a> die israelische Weigerung an, hilfreich an der Finanzierung \u00bbpal\u00e4stinensischer\u00ab Terroristen mitzuwirken.<\/p>\n<p>\u00bbEs ist\u00ab, da ist Frank-Walter Steinmeier zuzustimmen, \u00bbschwer ertr\u00e4glich, da\u00df sich einer der damaligen T\u00e4ter noch heute dieses Verbrechens r\u00fchmt und vor der Kamera versichert, da\u00df er wieder genauso handeln w\u00fcrde\u00ab. \u00dcberzeugender w\u00e4re dieses Bedauern, geh\u00f6rte Deutschland nicht noch immer zu den gro\u00dfz\u00fcgigsten Unterst\u00fctzern eines Regimes, das \u00bbpal\u00e4stinensische\u00ab Terroristen als \u00bbFreiheitsk\u00e4mpfer\u00ab feiert.<\/p>\n","protected":false},"excerpt":{"rendered":"<p>Am Montag wurde in Bayern der Opfer des \u00dcberfalls \u00bbpal\u00e4stinensischer\u00ab Terroristen auf die f\u00fcr Israel zu den Spielen der XX. Olympiade 1972 angereisten Sportler gedacht. Leider ersparten die Angeh\u00f6rigen der massakrierten Olympioniken und der israelische Pr\u00e4sident Isaac Herzog mit ihrer Teilnahme an der Veranstaltung in F\u00fcrstenfeldbruck Deutschland die wohlverdiente internationale Blamage. Denn mit ihren auch [&hellip;]<\/p>\n","protected":false},"author":1,"featured_media":0,"comment_status":"open","ping_status":"open","sticky":false,"template":"","format":"standard","meta":{"footnotes":""},"categories":[2],"tags":[11,16,38,68,102,120,124,130,144,194,313,351,657,374],"class_list":["post-6719","post","type-post","status-publish","format-standard","hentry","category-allgemein","tag-palaestina","tag-abu-mazen","tag-antisemitismus","tag-bigotterie","tag-deutschland","tag-eu","tag-europaeische-union","tag-fatah","tag-frank-walter-steinmeier","tag-israel","tag-plo","tag-schwarzer-september","tag-sven-kuehn-von-burgsdorff","tag-terrorismus"],"_links":{"self":[{"href":"https:\/\/www.tw24.net\/index.php?rest_route=\/wp\/v2\/posts\/6719","targetHints":{"allow":["GET"]}}],"collection":[{"href":"https:\/\/www.tw24.net\/index.php?rest_route=\/wp\/v2\/posts"}],"about":[{"href":"https:\/\/www.tw24.net\/index.php?rest_route=\/wp\/v2\/types\/post"}],"author":[{"embeddable":true,"href":"https:\/\/www.tw24.net\/index.php?rest_route=\/wp\/v2\/users\/1"}],"replies":[{"embeddable":true,"href":"https:\/\/www.tw24.net\/index.php?rest_route=%2Fwp%2Fv2%2Fcomments&post=6719"}],"version-history":[{"count":1,"href":"https:\/\/www.tw24.net\/index.php?rest_route=\/wp\/v2\/posts\/6719\/revisions"}],"predecessor-version":[{"id":6720,"href":"https:\/\/www.tw24.net\/index.php?rest_route=\/wp\/v2\/posts\/6719\/revisions\/6720"}],"wp:attachment":[{"href":"https:\/\/www.tw24.net\/index.php?rest_route=%2Fwp%2Fv2%2Fmedia&parent=6719"}],"wp:term":[{"taxonomy":"category","embeddable":true,"href":"https:\/\/www.tw24.net\/index.php?rest_route=%2Fwp%2Fv2%2Fcategories&post=6719"},{"taxonomy":"post_tag","embeddable":true,"href":"https:\/\/www.tw24.net\/index.php?rest_route=%2Fwp%2Fv2%2Ftags&post=6719"}],"curies":[{"name":"wp","href":"https:\/\/api.w.org\/{rel}","templated":true}]}}