{"id":6753,"date":"2022-09-22T15:09:22","date_gmt":"2022-09-22T13:09:22","guid":{"rendered":"https:\/\/www.tw24.net\/?p=6753"},"modified":"2022-09-22T15:09:22","modified_gmt":"2022-09-22T13:09:22","slug":"bezeichnende-abwesenheit","status":"publish","type":"post","link":"https:\/\/www.tw24.net\/?p=6753","title":{"rendered":"Bezeichnende Abwesenheit"},"content":{"rendered":"<p>In Israel wurde am Mittwoch der Opfer des \u00dcberfalls \u00bbpal\u00e4stinensischer\u00ab Terroristen auf die Spiele der XX. Olympiade in M\u00fcnchen gedacht. Mitglieder des zur Terrororganisation PLO geh\u00f6renden Schwarzen September hatten dabei die Mitglieder der israelischen Mannschaft als Geiseln genommen, sie gefoltert und massakriert. Ein Befreiungsversuch deutscher Beh\u00f6rden scheiterte an deren \u00dcberforderung.<\/p>\n<p>Das Versagen bayerischer wie deutscher Beh\u00f6rden und Politik auf allen denkbaren Ebenen h\u00e4lt seither an, auch wenn es j\u00fcngst noch gelang, beim offiziellen deutschen \u00bbGedenken\u00ab an das Massaker vor 50 Jahren eine internationale Blamage abzuwenden. Doch schon kurz nach der Inszenierung in F\u00fcrstenfeldbruck und M\u00fcnchen n\u00e4hrten erneut Enth\u00fcllungen Zweifel an der Aufrichtigkeit deutschen Zusagen.<\/p>\n<p>Wie die <i>S\u00fcddeutsche Zeitung<\/i> vor einer Woche <a href=\"https:\/\/www.sueddeutsche.de\/politik\/olympia-attentat-muenchen-terrorist-berlin-1.5658431\">meldete<\/a>, konnte einer der Attent\u00e4ter, der wegen Menschenraubs und zw\u00f6lffachen Mordes gesucht wurde, mit dem Wissen westdeutscher Beh\u00f6rden unbehelligt in West-Berlin leben und von dort nahezu t\u00e4glich in den Osten der Stadt, die Hauptstadt der DDR, pendeln, wo die innerhalb der Terrororganisation PLO dominierende Fatah ganz offiziell ein \u00bbB\u00fcro\u00ab unterhielt.<\/p>\n<p>Hatte der israelische Pr\u00e4sident Isaac Herzog an den deutschen Gedenkveranstaltungen Anfang September teilgenommen, fand jetzt, da in Israel nach dem hebr\u00e4ischen Kalender an die 11 vor 50 Jahren in Deutschland massakrierten Sportler erinnert wurde, kein offizieller Vertreter Deutschlands oder auch blo\u00df Bayerns den Weg nach Tel Aviv, kein Bundespr\u00e4sident, kein Kanzler, kein Ministerpr\u00e4sident oder \u00bbnur\u00ab Diplomat.<\/p>\n","protected":false},"excerpt":{"rendered":"<p>In Israel wurde am Mittwoch der Opfer des \u00dcberfalls \u00bbpal\u00e4stinensischer\u00ab Terroristen auf die Spiele der XX. Olympiade in M\u00fcnchen gedacht. Mitglieder des zur Terrororganisation PLO geh\u00f6renden Schwarzen September hatten dabei die Mitglieder der israelischen Mannschaft als Geiseln genommen, sie gefoltert und massakriert. Ein Befreiungsversuch deutscher Beh\u00f6rden scheiterte an deren \u00dcberforderung. Das Versagen bayerischer wie deutscher [&hellip;]<\/p>\n","protected":false},"author":1,"featured_media":0,"comment_status":"open","ping_status":"open","sticky":false,"template":"","format":"standard","meta":{"footnotes":""},"categories":[2],"tags":[38,102,130,194,853,313,374],"class_list":["post-6753","post","type-post","status-publish","format-standard","hentry","category-allgemein","tag-antisemitismus","tag-deutschland","tag-fatah","tag-israel","tag-olympische-spiele","tag-plo","tag-terrorismus"],"_links":{"self":[{"href":"https:\/\/www.tw24.net\/index.php?rest_route=\/wp\/v2\/posts\/6753","targetHints":{"allow":["GET"]}}],"collection":[{"href":"https:\/\/www.tw24.net\/index.php?rest_route=\/wp\/v2\/posts"}],"about":[{"href":"https:\/\/www.tw24.net\/index.php?rest_route=\/wp\/v2\/types\/post"}],"author":[{"embeddable":true,"href":"https:\/\/www.tw24.net\/index.php?rest_route=\/wp\/v2\/users\/1"}],"replies":[{"embeddable":true,"href":"https:\/\/www.tw24.net\/index.php?rest_route=%2Fwp%2Fv2%2Fcomments&post=6753"}],"version-history":[{"count":1,"href":"https:\/\/www.tw24.net\/index.php?rest_route=\/wp\/v2\/posts\/6753\/revisions"}],"predecessor-version":[{"id":6754,"href":"https:\/\/www.tw24.net\/index.php?rest_route=\/wp\/v2\/posts\/6753\/revisions\/6754"}],"wp:attachment":[{"href":"https:\/\/www.tw24.net\/index.php?rest_route=%2Fwp%2Fv2%2Fmedia&parent=6753"}],"wp:term":[{"taxonomy":"category","embeddable":true,"href":"https:\/\/www.tw24.net\/index.php?rest_route=%2Fwp%2Fv2%2Fcategories&post=6753"},{"taxonomy":"post_tag","embeddable":true,"href":"https:\/\/www.tw24.net\/index.php?rest_route=%2Fwp%2Fv2%2Ftags&post=6753"}],"curies":[{"name":"wp","href":"https:\/\/api.w.org\/{rel}","templated":true}]}}