{"id":6783,"date":"2022-10-04T10:57:35","date_gmt":"2022-10-04T08:57:35","guid":{"rendered":"https:\/\/www.tw24.net\/?p=6783"},"modified":"2022-10-04T10:57:35","modified_gmt":"2022-10-04T08:57:35","slug":"ankuendigung-eines-blutbads","status":"publish","type":"post","link":"https:\/\/www.tw24.net\/?p=6783","title":{"rendered":"Ank\u00fcndigung eines Blutbads"},"content":{"rendered":"<p>Ayatollah Seyed Ali Khamenei, das Oberhaupt der Islamischen Revolution, hat am Montag \u00bbAmerika, das zionistische Regime und deren Gefolgsleute\u00ab f\u00fcr die Proteste in der Islamischen Republik Iran gemacht. Trotz zunehmender Brutalit\u00e4t der iranischen Sicherheitskr\u00e4fte haben in den j\u00fcngsten Tagen immer mehr Menschen sich an den Demonstrationen gegen das islamistische Regime von Teheran beteiligt.<\/p>\n<p><img loading=\"lazy\" decoding=\"async\" src=\"https:\/\/www.tw24.net\/wp-content\/uploads\/2022\/10\/tehrantimes20221004.png\" alt=\"\" width=\"470\" height=\"362\" class=\"aligncenter size-full wp-image-6784\" srcset=\"https:\/\/www.tw24.net\/wp-content\/uploads\/2022\/10\/tehrantimes20221004.png 470w, https:\/\/www.tw24.net\/wp-content\/uploads\/2022\/10\/tehrantimes20221004-300x231.png 300w\" sizes=\"auto, (max-width: 470px) 100vw, 470px\" \/><\/p>\n<p>\u00bbDiese Entwicklungen\u00ab, wie das \u00bbreligi\u00f6se Oberhaupt\u00ab des klerikalen Regimes die sich m\u00f6glicherweise zum Aufstand entwickelnden Proteste in einer Ansprache vor Angeh\u00f6rigen der iranischen Armee nannte, seien \u00bbganz klar von Amerika und dem zionistischen Regime geplant\u00ab worden, die eine \u00bbstarke und unabh\u00e4ngige Islamische Republik\u00ab f\u00fcrchteten. Die \u00bbRevolution\u00ab werde sich aber gegen sie behaupten.<\/p>\n<p>Hie\u00df es k\u00fcrzlich noch, hinter den Protesten stecke &#8211; ausgerechnet &#8211; die deutsche Botschaft in Teheran, die als Zentrum gegen die Islamische Republik gerichteter Bem\u00fchungen mehrerer europ\u00e4ischer und eines asiatischen Landes fungiere, ist es schon wieder aus mit dem Ruhm f\u00fcr Berlin. Teheran besinnt sich auf seine antisemitischen Traditionen und diffamiert die Demonstrierenden als Handlanger seiner \u00bbErzfeinde\u00ab.<\/p>\n<p>Mit seinen Ausf\u00fchrungen l\u00e4\u00dft Ayatollah Seyed Ali Khamenei erkennen, da\u00df das Regime in Teheran sein Vorgehen gegen die Proteste noch versch\u00e4rfen d\u00fcrfte, denn selbst das geringste Eingehen auf Forderungen von zu Marionetten des \u00bbgro\u00dfen\u00ab und des \u00bbkleinen Satans\u00ab erkl\u00e4rten Demonstranten verbietet sich in der islamistischen Logik von selbst. Die Theokratie scheint zu blutiger Rache entschlossen.<\/p>\n<p>Die Islamische Republik Iran demonstrierte mit den \u00c4u\u00dferungen ihres \u00bbgeistlichen F\u00fchrers\u00ab einmal mehr ihren so antisemitischen wie barbarischen Charakter. Es ist gerade vor diesem Hintergrund unverst\u00e4ndlich und unverantwortlich, da\u00df insbesondere das offizielle Europa noch immer meint, den Joint Comprehensive Plan of Action wiederbeleben zu m\u00fcssen, der die islamistische Barbarei legitimieren und st\u00e4rken w\u00fcrde.<\/p>\n","protected":false},"excerpt":{"rendered":"<p>Ayatollah Seyed Ali Khamenei, das Oberhaupt der Islamischen Revolution, hat am Montag \u00bbAmerika, das zionistische Regime und deren Gefolgsleute\u00ab f\u00fcr die Proteste in der Islamischen Republik Iran gemacht. Trotz zunehmender Brutalit\u00e4t der iranischen Sicherheitskr\u00e4fte haben in den j\u00fcngsten Tagen immer mehr Menschen sich an den Demonstrationen gegen das islamistische Regime von Teheran beteiligt. \u00bbDiese Entwicklungen\u00ab, [&hellip;]<\/p>\n","protected":false},"author":1,"featured_media":0,"comment_status":"open","ping_status":"open","sticky":false,"template":"","format":"standard","meta":{"footnotes":""},"categories":[2],"tags":[38,120,191,192,205],"class_list":["post-6783","post","type-post","status-publish","format-standard","hentry","category-allgemein","tag-antisemitismus","tag-eu","tag-islamische-republik-iran","tag-islamismus","tag-jcpoa"],"_links":{"self":[{"href":"https:\/\/www.tw24.net\/index.php?rest_route=\/wp\/v2\/posts\/6783","targetHints":{"allow":["GET"]}}],"collection":[{"href":"https:\/\/www.tw24.net\/index.php?rest_route=\/wp\/v2\/posts"}],"about":[{"href":"https:\/\/www.tw24.net\/index.php?rest_route=\/wp\/v2\/types\/post"}],"author":[{"embeddable":true,"href":"https:\/\/www.tw24.net\/index.php?rest_route=\/wp\/v2\/users\/1"}],"replies":[{"embeddable":true,"href":"https:\/\/www.tw24.net\/index.php?rest_route=%2Fwp%2Fv2%2Fcomments&post=6783"}],"version-history":[{"count":1,"href":"https:\/\/www.tw24.net\/index.php?rest_route=\/wp\/v2\/posts\/6783\/revisions"}],"predecessor-version":[{"id":6785,"href":"https:\/\/www.tw24.net\/index.php?rest_route=\/wp\/v2\/posts\/6783\/revisions\/6785"}],"wp:attachment":[{"href":"https:\/\/www.tw24.net\/index.php?rest_route=%2Fwp%2Fv2%2Fmedia&parent=6783"}],"wp:term":[{"taxonomy":"category","embeddable":true,"href":"https:\/\/www.tw24.net\/index.php?rest_route=%2Fwp%2Fv2%2Fcategories&post=6783"},{"taxonomy":"post_tag","embeddable":true,"href":"https:\/\/www.tw24.net\/index.php?rest_route=%2Fwp%2Fv2%2Ftags&post=6783"}],"curies":[{"name":"wp","href":"https:\/\/api.w.org\/{rel}","templated":true}]}}