{"id":6849,"date":"2022-11-01T16:24:30","date_gmt":"2022-11-01T14:24:30","guid":{"rendered":"https:\/\/www.tw24.net\/?p=6849"},"modified":"2022-11-01T16:24:30","modified_gmt":"2022-11-01T14:24:30","slug":"zivilgesellschaftliches-engagement","status":"publish","type":"post","link":"https:\/\/www.tw24.net\/?p=6849","title":{"rendered":"Zivilgesellschaftliches Engagement"},"content":{"rendered":"<p>Die Europ\u00e4ische Union und jene ihrer Mitgliedsstaaten, deren finanzielle Zuwendungen f\u00fcr die \u00bbpal\u00e4stinensische Zivilgesellschaft\u00ab besonders hoch sind, bekennen sich immer wieder zu ihrer Unterst\u00fctzung selbst solcher Organisationen, die die Regierung in Jerusalem als terroristisch einstuft. Die f\u00fcr diese Bewertung von Israel vorgelegten Beweise, hei\u00dft es zur Begr\u00fcndung, seien <a href=\"https:\/\/www.eeas.europa.eu\/eeas\/israelpalestine-statement-high-representative-josep-borrell-israeli-raids-six-palestinian_en\">\u00bbnicht \u00fcberzeugend\u00ab<\/a>.<\/p>\n<p>Nun hat eine dieser \u00bbzivilgesellschaftlichen\u00ab Organisationen, das auch als <i>Samidoun<\/i> weltweit ber\u00fcchtigte \u00bbSolidarit\u00e4ts-Netzwerk f\u00fcr pal\u00e4stinensische Gefangene\u00ab, in Br\u00fcssel in aller \u00d6ffentlichkeit vorgef\u00fchrt, wof\u00fcr sich etwa EU-\u00bbAu\u00dfenminister\u00ab Josep Borrell Fontelles und seine nationalen Kollegen wortreich, nicht selten aber auch mit vielen Millionen einsetzen. <i>Samidoun<\/i> ist eine \u00bbNGO\u00ab aus dem Umfeld der PFLP.<\/p>\n<p>Auf der Demonstration dieses Teils der \u00bbpal\u00e4stinensischen Zivilgesellschaft\u00ab, der &#8211; selbstverst\u00e4ndlich &#8211; auch die Ziele der antisemitischen BDS-Bewegung teilt und unterst\u00fctzt, wurden Terroristen glorifiziert und die Vernichtung Israels propagiert. Wie die \u00bbNGO\u00ab selbst <a href=\"https:\/\/samidoun.net\/2022\/10\/demonstrators-fill-the-streets-of-brussels-in-the-march-for-return-and-liberation-for-palestine\/\">mitteilt<\/a>, forderten die Demonstranten die \u00bbBefreiung ganz Pal\u00e4stinas vom Flu\u00df bis zum Meer\u00ab und die \u00bbVernichtung des Zionismus\u00ab.<\/p>\n<p>\u00bbEntschlossen\u00ab, triumphiert <i>Samidoun<\/i>, bekundete die Demonstration \u00bbSolidarit\u00e4t mit dem pal\u00e4stinensischen Volk\u00ab und dessen \u00bbWiderstand\u00ab und \u00bbforderte die Freilassung aller Gefangenen\u00ab aus israelischer Haft. Nebenher sagten die Teilnehmer des Aufmarschs \u00bbdem Imperialismus sowie den mit ihm kollaborierenden Kr\u00e4ften\u00ab den Kampf an, ohne damit freilich russische \u00bbSpezialoperationen\u00ab kommentieren zu wollen.<\/p>\n<p>Der Aufmarsch in der belgischen Hauptstadt, dem Sitz des Europ\u00e4ischen Parlaments und vieler weiterer europ\u00e4ischer Institutionen, stellt erneut die EU und ihre Mitgliedsstaaten mit ihren hohlen Bekenntnissen gegen den Ha\u00df auf Juden und ihren Staat blo\u00df. Sie f\u00fchrt eindrucksvoll das ganze Ausma\u00df der tats\u00e4chlichen Komplizenschaft solcher Gestalten wie Josep Borrell Fontelles mit antisemitischen Barbaren vor.<\/p>\n","protected":false},"excerpt":{"rendered":"<p>Die Europ\u00e4ische Union und jene ihrer Mitgliedsstaaten, deren finanzielle Zuwendungen f\u00fcr die \u00bbpal\u00e4stinensische Zivilgesellschaft\u00ab besonders hoch sind, bekennen sich immer wieder zu ihrer Unterst\u00fctzung selbst solcher Organisationen, die die Regierung in Jerusalem als terroristisch einstuft. Die f\u00fcr diese Bewertung von Israel vorgelegten Beweise, hei\u00dft es zur Begr\u00fcndung, seien \u00bbnicht \u00fcberzeugend\u00ab. Nun hat eine dieser \u00bbzivilgesellschaftlichen\u00ab [&hellip;]<\/p>\n","protected":false},"author":1,"featured_media":0,"comment_status":"open","ping_status":"open","sticky":false,"template":"","format":"standard","meta":{"footnotes":""},"categories":[2],"tags":[10,748,38,120,121,124,560,309,313,919,374],"class_list":["post-6849","post","type-post","status-publish","format-standard","hentry","category-allgemein","tag-ngo","tag-zivilgesellschaft","tag-antisemitismus","tag-eu","tag-europa","tag-europaeische-union","tag-josep-borrell-fontelles","tag-pflp","tag-plo","tag-samidoun","tag-terrorismus"],"_links":{"self":[{"href":"https:\/\/www.tw24.net\/index.php?rest_route=\/wp\/v2\/posts\/6849","targetHints":{"allow":["GET"]}}],"collection":[{"href":"https:\/\/www.tw24.net\/index.php?rest_route=\/wp\/v2\/posts"}],"about":[{"href":"https:\/\/www.tw24.net\/index.php?rest_route=\/wp\/v2\/types\/post"}],"author":[{"embeddable":true,"href":"https:\/\/www.tw24.net\/index.php?rest_route=\/wp\/v2\/users\/1"}],"replies":[{"embeddable":true,"href":"https:\/\/www.tw24.net\/index.php?rest_route=%2Fwp%2Fv2%2Fcomments&post=6849"}],"version-history":[{"count":1,"href":"https:\/\/www.tw24.net\/index.php?rest_route=\/wp\/v2\/posts\/6849\/revisions"}],"predecessor-version":[{"id":6850,"href":"https:\/\/www.tw24.net\/index.php?rest_route=\/wp\/v2\/posts\/6849\/revisions\/6850"}],"wp:attachment":[{"href":"https:\/\/www.tw24.net\/index.php?rest_route=%2Fwp%2Fv2%2Fmedia&parent=6849"}],"wp:term":[{"taxonomy":"category","embeddable":true,"href":"https:\/\/www.tw24.net\/index.php?rest_route=%2Fwp%2Fv2%2Fcategories&post=6849"},{"taxonomy":"post_tag","embeddable":true,"href":"https:\/\/www.tw24.net\/index.php?rest_route=%2Fwp%2Fv2%2Ftags&post=6849"}],"curies":[{"name":"wp","href":"https:\/\/api.w.org\/{rel}","templated":true}]}}