{"id":6896,"date":"2022-11-24T15:21:00","date_gmt":"2022-11-24T13:21:00","guid":{"rendered":"https:\/\/www.tw24.net\/?p=6896"},"modified":"2022-11-24T15:21:00","modified_gmt":"2022-11-24T13:21:00","slug":"inszenierte-empoerung-3","status":"publish","type":"post","link":"https:\/\/www.tw24.net\/?p=6896","title":{"rendered":"Inszenierte Emp\u00f6rung"},"content":{"rendered":"<p>Als das soziale Netzwerk <i>Twitter<\/i> k\u00fcrzlich den Besitzer wechselte, meinte Thierry Breton, der in der Europ\u00e4ischen Kommission zust\u00e4ndig ist, mit einem Verbot in Europa drohen zu m\u00fcssen, sollte Elon Musk \u00bbdie in der EU g\u00e4ngigen Regeln zur Moderation illegaler und sch\u00e4dlicher Online-Inhalte\u00ab nicht befolgen wollen. <i>Twitter<\/i> m\u00fcsse sich \u00bbvollst\u00e4ndig an die europ\u00e4ischen Regeln\u00ab halten, forderte der EU-Kommissar.<\/p>\n<p>Freilich ist das Netzwerk nicht erst seit der \u00dcbernahme durch Elon Musk eine Gegend, die Zeitgenossen zu sch\u00e4tzen wissen, die mit Hetze Ha\u00df s\u00e4en wollen. Einer von ihnen, der deutsche Diplomat Sven K\u00fchn von Burgsdorff, leitet die Vertretung der Europ\u00e4ischen Union beim antisemitischen Regime in Ramallah, die es sich auch am Mittwoch nicht verkneifen konnte, den j\u00fcdischen Staat \u00fcber <i>Twitter<\/i> zu <a href=\"https:\/\/twitter.com\/EUpalestinians\/status\/1595372056899891200\">verleumden<\/a>.<\/p>\n<p>W\u00e4hrend Israel von mehreren Bombenanschl\u00e4gen \u00bbpal\u00e4stinensischer\u00ab Terroristen in Jerusalem ersch\u00fcttert wurde, teilte das von Sven K\u00fchn von Burgsdorff gef\u00fchrte Haus auf <i>Twitter<\/i> mit, Europa sei \u00bbalarmiert\u00ab und \u00bbersch\u00fcttert\u00ab von Nachrichten, nach denen israelische Beh\u00f6rden eine als \u00bbhumanit\u00e4re Einrichtung\u00ab titulierte \u00bbSchule\u00ab zerst\u00f6rt h\u00e4tten, deren Bau mit Zuwendungen aus der EU erm\u00f6glicht worden sei.<\/p>\n<p>Israel, lehrmeisterten die Vertreter der EU, m\u00fcsse \u00bbdas Recht pal\u00e4stinensischer Kinder auf Bildung\u00ab achten. Da\u00df &#8211; auch mit EU-Mitteln finanzierte &#8211; \u00bbSchulen\u00ab, die das Regime um \u00bbPr\u00e4sident\u00ab Abu Mazen betreibt, Orte sind, an denen antisemitische Ressentiments ebenso zum Lehrstoff z\u00e4hlen wie die Glorifizierung von Terrorismus, und daher besser geschlossen geh\u00f6rten, ignoriert man nicht nur in Br\u00fcssel regelm\u00e4\u00dfig gern.<\/p>\n<p>Dabei geh\u00f6rt zu dem beschworenen \u00bbRecht auf Bildung\u00ab gerade die Einhaltung von den Vereinten Nationen formulierter zivilisatorischer Mindeststandards. Die in Ramallah entworfenen und formulierten Lehrb\u00fccher und Lehrpl\u00e4ne sind ein von der Europ\u00e4ischen Union wissentlich mitfinanzierter andauernder Versto\u00df gegen Rechte von Kindern und Jugendlichen. Erschreckend ist, da\u00df die EU sich stolz daran beteiligt.<\/p>\n<p>Dar\u00fcber hinaus entsetzt in der Tat die Dreistigkeit, mit der sich Europa und Mitgliedsstaaten der Europ\u00e4ischen Union auch mit ihrer Beteiligung an der Errichtung der \u00bbSchule\u00ab in Masafer Yatta \u00fcber Abkommen zwischen Jerusalem und den \u00bbPal\u00e4stinensern\u00ab hinwegsetzten: Denn selbstredend hat niemand die in den C-Gebieten zust\u00e4ndige israelische Verwaltung je um eine Baugenehmigung f\u00fcr die \u00bbBildungseinrichtung\u00ab gebeten.<\/p>\n<p>Finanzieren die Europ\u00e4ische Union oder ihre Mitgliedsstaaten illegale Bauma\u00dfnahmen, ist ihre Emp\u00f6rung \u00fcber deren sp\u00e4tere Zerst\u00f6rung erst recht verlogen, zumal es sich nicht um den ersten solchen Fall handelt. Tats\u00e4chlich liegt der Verdacht nahe, da\u00df auch in Masafer Yatta der Verdacht nahe, da\u00df Europa ganz bewu\u00dft einen illegalen Bau f\u00f6rderte, um so den Konflikt zwischen \u00bbPal\u00e4stinensern\u00ab und Jerusalem anzuheizen.<\/p>\n","protected":false},"excerpt":{"rendered":"<p>Als das soziale Netzwerk Twitter k\u00fcrzlich den Besitzer wechselte, meinte Thierry Breton, der in der Europ\u00e4ischen Kommission zust\u00e4ndig ist, mit einem Verbot in Europa drohen zu m\u00fcssen, sollte Elon Musk \u00bbdie in der EU g\u00e4ngigen Regeln zur Moderation illegaler und sch\u00e4dlicher Online-Inhalte\u00ab nicht befolgen wollen. Twitter m\u00fcsse sich \u00bbvollst\u00e4ndig an die europ\u00e4ischen Regeln\u00ab halten, forderte [&hellip;]<\/p>\n","protected":false},"author":1,"featured_media":0,"comment_status":"open","ping_status":"open","sticky":false,"template":"","format":"standard","meta":{"footnotes":""},"categories":[2],"tags":[11,38,112,120,124,239,313,374],"class_list":["post-6896","post","type-post","status-publish","format-standard","hentry","category-allgemein","tag-palaestina","tag-antisemitismus","tag-double-standards","tag-eu","tag-europaeische-union","tag-korruption","tag-plo","tag-terrorismus"],"_links":{"self":[{"href":"https:\/\/www.tw24.net\/index.php?rest_route=\/wp\/v2\/posts\/6896","targetHints":{"allow":["GET"]}}],"collection":[{"href":"https:\/\/www.tw24.net\/index.php?rest_route=\/wp\/v2\/posts"}],"about":[{"href":"https:\/\/www.tw24.net\/index.php?rest_route=\/wp\/v2\/types\/post"}],"author":[{"embeddable":true,"href":"https:\/\/www.tw24.net\/index.php?rest_route=\/wp\/v2\/users\/1"}],"replies":[{"embeddable":true,"href":"https:\/\/www.tw24.net\/index.php?rest_route=%2Fwp%2Fv2%2Fcomments&post=6896"}],"version-history":[{"count":1,"href":"https:\/\/www.tw24.net\/index.php?rest_route=\/wp\/v2\/posts\/6896\/revisions"}],"predecessor-version":[{"id":6897,"href":"https:\/\/www.tw24.net\/index.php?rest_route=\/wp\/v2\/posts\/6896\/revisions\/6897"}],"wp:attachment":[{"href":"https:\/\/www.tw24.net\/index.php?rest_route=%2Fwp%2Fv2%2Fmedia&parent=6896"}],"wp:term":[{"taxonomy":"category","embeddable":true,"href":"https:\/\/www.tw24.net\/index.php?rest_route=%2Fwp%2Fv2%2Fcategories&post=6896"},{"taxonomy":"post_tag","embeddable":true,"href":"https:\/\/www.tw24.net\/index.php?rest_route=%2Fwp%2Fv2%2Ftags&post=6896"}],"curies":[{"name":"wp","href":"https:\/\/api.w.org\/{rel}","templated":true}]}}