{"id":6905,"date":"2022-11-29T15:59:24","date_gmt":"2022-11-29T13:59:24","guid":{"rendered":"https:\/\/www.tw24.net\/?p=6905"},"modified":"2022-11-29T15:59:24","modified_gmt":"2022-11-29T13:59:24","slug":"vorsichtige-kurskorrektur","status":"publish","type":"post","link":"https:\/\/www.tw24.net\/?p=6905","title":{"rendered":"Vorsichtige Kurskorrektur"},"content":{"rendered":"<p>Das islamistische Regime in Teheran hat, wie iranische Medien am Montag meldeten, den dortigen deutschen Botschafter Hans-Udo Muzel einbestellt. In den vergangenen Wochen war der deutsche Vertreter den Angaben zufolge bereits mehrfach in das \u00bbAu\u00dfenministerium\u00ab der Islamischen Republik Iran zitiert worden. Zuletzt beklagte Teheran sich bei dem Diplomaten \u00fcber \u00bbEinmischung\u00ab und \u00bbhaltlose Aussagen\u00ab.<\/p>\n<p>Nachdem der \u00bbMenschenrechtsrat\u00ab der Vereinten Nationen letzte Woche eine auch auf deutsche Initiative zur\u00fcckgehende Resolution verabschiedet hatte, die erste gegen die Islamische Republik, in der das Vorgehen iranischer \u00bbSicherheitskr\u00e4fte\u00ab gegen Protestierende kritisiert wird, hat sich das deutsch-iranische Klima verschlechtert: Die bilateralen Beziehungen scheinen auf dem Weg einer Abk\u00fchlung auf Normaltemperatur.<\/p>\n<p>Wurde unter Au\u00dfenminister Heiko Maas mit Instex noch ein deutsch-franz\u00f6sisch-britisches \u00bbInstruments zur Unterst\u00fctzung von Handelsaktivit\u00e4ten\u00ab gegr\u00fcndet, mit dem amerikanische Sanktionen gegen die Islamische Republik umgangen werden sollten, korrigiert Au\u00dfenministerin Annalena Baerbock offenbar den unter ihrem sozialdemokratischen Vorg\u00e4nger betriebenen Kurs der Beschwichtigung gegen\u00fcber Teheran.<\/p>\n<p>Schickte Bundespr\u00e4sident Frank-Walter Steinmeier noch 2019 und &#8211; irrt\u00fcmlich, wie es hinterher hie\u00df &#8211; 2020 Gl\u00fcckw\u00fcnsche zum Jahrestag der \u00bbGr\u00fcnen Revolution\u00ab nach Teheran, glauben die Mullahs inzwischen, die seit Ende September anhaltenden Demonstrationen gegen ihre Herrschaft w\u00fcrden von der dortigen deutschen Repr\u00e4sentanz orchestriert, wenn sie nicht gerade Washington oder Jerusalem beschuldigen.<\/p>\n<p>Ein solches Engagement deutscher Diplomaten existiert allerdings wohl nur in den Wahnwelten des islamistischen Regimes. Noch immer kann es sich fest auf Deutschland verlassen, wenn es um den Joint Comprehensive Plan of Action geht. Auf die Verst\u00f6\u00dfe Teherans gegen das Abkommen, antwortete auch Berlin j\u00fcngst mit der \u00bbbeeindruckenden\u00ab <a href=\"https:\/\/www.auswaertiges-amt.de\/de\/newsroom\/-\/2565010\">Ank\u00fcndigung<\/a>, \u00bbweiterhin mit unseren internationalen Partnern [zu] beraten\u00ab.<\/p>\n","protected":false},"excerpt":{"rendered":"<p>Das islamistische Regime in Teheran hat, wie iranische Medien am Montag meldeten, den dortigen deutschen Botschafter Hans-Udo Muzel einbestellt. In den vergangenen Wochen war der deutsche Vertreter den Angaben zufolge bereits mehrfach in das \u00bbAu\u00dfenministerium\u00ab der Islamischen Republik Iran zitiert worden. Zuletzt beklagte Teheran sich bei dem Diplomaten \u00fcber \u00bbEinmischung\u00ab und \u00bbhaltlose Aussagen\u00ab. Nachdem der [&hellip;]<\/p>\n","protected":false},"author":1,"featured_media":0,"comment_status":"open","ping_status":"open","sticky":false,"template":"","format":"standard","meta":{"footnotes":""},"categories":[2],"tags":[42,78,102,144,165,191,192,205,270,319,361],"class_list":["post-6905","post","type-post","status-publish","format-standard","hentry","category-allgemein","tag-appeasement","tag-buendnis-90-die-gruenen","tag-deutschland","tag-frank-walter-steinmeier","tag-heiko-maas","tag-islamische-republik-iran","tag-islamismus","tag-jcpoa","tag-menschenrechte","tag-proliferation","tag-spd"],"_links":{"self":[{"href":"https:\/\/www.tw24.net\/index.php?rest_route=\/wp\/v2\/posts\/6905","targetHints":{"allow":["GET"]}}],"collection":[{"href":"https:\/\/www.tw24.net\/index.php?rest_route=\/wp\/v2\/posts"}],"about":[{"href":"https:\/\/www.tw24.net\/index.php?rest_route=\/wp\/v2\/types\/post"}],"author":[{"embeddable":true,"href":"https:\/\/www.tw24.net\/index.php?rest_route=\/wp\/v2\/users\/1"}],"replies":[{"embeddable":true,"href":"https:\/\/www.tw24.net\/index.php?rest_route=%2Fwp%2Fv2%2Fcomments&post=6905"}],"version-history":[{"count":1,"href":"https:\/\/www.tw24.net\/index.php?rest_route=\/wp\/v2\/posts\/6905\/revisions"}],"predecessor-version":[{"id":6906,"href":"https:\/\/www.tw24.net\/index.php?rest_route=\/wp\/v2\/posts\/6905\/revisions\/6906"}],"wp:attachment":[{"href":"https:\/\/www.tw24.net\/index.php?rest_route=%2Fwp%2Fv2%2Fmedia&parent=6905"}],"wp:term":[{"taxonomy":"category","embeddable":true,"href":"https:\/\/www.tw24.net\/index.php?rest_route=%2Fwp%2Fv2%2Fcategories&post=6905"},{"taxonomy":"post_tag","embeddable":true,"href":"https:\/\/www.tw24.net\/index.php?rest_route=%2Fwp%2Fv2%2Ftags&post=6905"}],"curies":[{"name":"wp","href":"https:\/\/api.w.org\/{rel}","templated":true}]}}