{"id":6950,"date":"2022-12-19T16:35:32","date_gmt":"2022-12-19T14:35:32","guid":{"rendered":"https:\/\/www.tw24.net\/?p=6950"},"modified":"2022-12-19T16:35:32","modified_gmt":"2022-12-19T14:35:32","slug":"barbarisches-fest","status":"publish","type":"post","link":"https:\/\/www.tw24.net\/?p=6950","title":{"rendered":"Barbarisches Fest"},"content":{"rendered":"<p>\u00bbPal\u00e4stinenserpr\u00e4sident\u00ab Abu Mazen hat, wie \u00bbpal\u00e4stinensische\u00ab Medien berichten, in einem Telefonat mit der F\u00fchrung des Regimes in Doha dem islamistischen Emirat f\u00fcr die breite Unterst\u00fctzung gedankt, die die \u00bbpal\u00e4stinensische Sache\u00ab w\u00e4hrend der \u00bbFIFA Fu\u00dfball-Weltmeisterschaft Katar 2022\u00ab erfahren habe. In der Tat war nicht nur die Flagge der Terrororganisation PLO omnipr\u00e4sent in den letzten Wochen.<\/p>\n<p>Auch antisemitische Angriffe auf israelische Fu\u00dfballanh\u00e4nger und Journalisten geh\u00f6rten zum Rahmenprogramm dieses Spektakels ebenso wie Sprechch\u00f6re, die \u00bbpal\u00e4stinensischen\u00ab Terror feierten, geduldet von Sicherheitskr\u00e4ften und Beh\u00f6rden eines Regimes, dessen F\u00fchrung zum Beginn des Spektakels noch schnell ein Verbot koscherer Speisen erlassen hatte. Den Dank des \u00bbPal\u00e4stinenserpr\u00e4sidenten\u00ab hat Katar verdient.<\/p>\n<p>Freilich hat Abu Mazen mit seinen Dankesbekundungen an das islamistische Regime in Doha noch einmal darauf aufmerksam gemacht, da\u00df diese Fu\u00dfballweltmeisterschaft eben doch alles andere war als eine allein dem Sport gewidmete Veranstaltung. Untersagte die FIFA noch die leiseste politisch deutbare Regung unter den Teilnehmern, schwieg sie zum von den Ausrichtern gezeigten und geduldeten Antisemitismus.<\/p>\n<p>Die \u00bbgemeinn\u00fctzige\u00ab Organisation hat sich und ihren \u00bbSport\u00ab verkauft und instrumentalisieren lassen, einen Ha\u00df zu normalisieren und zu verbreiten, dem in den zw\u00f6lf Jahren, die die nationalsozialistische Barbarei in Deutschland und Europa andauerte, \u00fcber sechs Millionen Juden zum Opfer fielen. Mit seinem Anruf stellt Abu Mazen die Verkommenheit aller an der \u00bbFu\u00dfball-Weltmeisterschaft\u00ab Beteiligten blo\u00df.<\/p>\n","protected":false},"excerpt":{"rendered":"<p>\u00bbPal\u00e4stinenserpr\u00e4sident\u00ab Abu Mazen hat, wie \u00bbpal\u00e4stinensische\u00ab Medien berichten, in einem Telefonat mit der F\u00fchrung des Regimes in Doha dem islamistischen Emirat f\u00fcr die breite Unterst\u00fctzung gedankt, die die \u00bbpal\u00e4stinensische Sache\u00ab w\u00e4hrend der \u00bbFIFA Fu\u00dfball-Weltmeisterschaft Katar 2022\u00ab erfahren habe. In der Tat war nicht nur die Flagge der Terrororganisation PLO omnipr\u00e4sent in den letzten Wochen. Auch [&hellip;]<\/p>\n","protected":false},"author":1,"featured_media":0,"comment_status":"open","ping_status":"open","sticky":false,"template":"","format":"standard","meta":{"footnotes":""},"categories":[2],"tags":[11,16,38,137,224,313,374],"class_list":["post-6950","post","type-post","status-publish","format-standard","hentry","category-allgemein","tag-palaestina","tag-abu-mazen","tag-antisemitismus","tag-fifa","tag-katar","tag-plo","tag-terrorismus"],"_links":{"self":[{"href":"https:\/\/www.tw24.net\/index.php?rest_route=\/wp\/v2\/posts\/6950","targetHints":{"allow":["GET"]}}],"collection":[{"href":"https:\/\/www.tw24.net\/index.php?rest_route=\/wp\/v2\/posts"}],"about":[{"href":"https:\/\/www.tw24.net\/index.php?rest_route=\/wp\/v2\/types\/post"}],"author":[{"embeddable":true,"href":"https:\/\/www.tw24.net\/index.php?rest_route=\/wp\/v2\/users\/1"}],"replies":[{"embeddable":true,"href":"https:\/\/www.tw24.net\/index.php?rest_route=%2Fwp%2Fv2%2Fcomments&post=6950"}],"version-history":[{"count":1,"href":"https:\/\/www.tw24.net\/index.php?rest_route=\/wp\/v2\/posts\/6950\/revisions"}],"predecessor-version":[{"id":6951,"href":"https:\/\/www.tw24.net\/index.php?rest_route=\/wp\/v2\/posts\/6950\/revisions\/6951"}],"wp:attachment":[{"href":"https:\/\/www.tw24.net\/index.php?rest_route=%2Fwp%2Fv2%2Fmedia&parent=6950"}],"wp:term":[{"taxonomy":"category","embeddable":true,"href":"https:\/\/www.tw24.net\/index.php?rest_route=%2Fwp%2Fv2%2Fcategories&post=6950"},{"taxonomy":"post_tag","embeddable":true,"href":"https:\/\/www.tw24.net\/index.php?rest_route=%2Fwp%2Fv2%2Ftags&post=6950"}],"curies":[{"name":"wp","href":"https:\/\/api.w.org\/{rel}","templated":true}]}}