{"id":6987,"date":"2023-01-01T15:48:41","date_gmt":"2023-01-01T13:48:41","guid":{"rendered":"https:\/\/www.tw24.net\/?p=6987"},"modified":"2023-01-01T15:48:41","modified_gmt":"2023-01-01T13:48:41","slug":"deutliches-bekenntnis-2","status":"publish","type":"post","link":"https:\/\/www.tw24.net\/?p=6987","title":{"rendered":"Deutliches Bekenntnis"},"content":{"rendered":"<p>\u00bbPal\u00e4stinenserpr\u00e4sident\u00ab Abu Mazen hat in Ramallah an den Feiern zum, wie es die von seinem Regime betriebene \u00bbNachrichtenagentur\u00ab <i>Wafa<\/i> <a href=\"https:\/\/english.wafa.ps\/Pages\/Details\/132586\">formuliert<\/a>, \u00bb58. Jahrestag der Gr\u00fcndung der Fatah und des Beginns der pal\u00e4stinensischen Revolution der Gegenwart\u00ab teilgenommen. Der auch als Mahmoud Abbas bekannte Antisemit entz\u00fcndete eine Flamme, mit der an das \u00bbhistorische\u00ab Ereignis erinnert wurde.<\/p>\n<p>Als Beginn ihrer \u00bbRevolution\u00ab bezeichnet die Fatah, die derweil bereits im Oktober 1959 in Kuwait ins Leben gerufen wurde, Anschl\u00e4ge auf die zentrale Trinkwasserversorgung Israels, auf die sich ihre Mitglieder in Jordanien, Libanon und dem damals von \u00c4gypten kontrollierten Gaza vorbereitet hatten. Es ist bezeichnend, da\u00df Ramallah diese Angriffe auf lebenswichtige zivile Infrastruktur noch immer feiert.<\/p>\n<p>Denn damit best\u00e4tigen diese Feierlichkeiten jedes Jahr neu, da\u00df sich die Terrororganisation, die heute die bedeutendste \u00bbFraktion\u00ab innerhalb der PLO darstellt, nicht ge\u00e4ndert hat. Sie sind ein offenes Bekenntnis zum bewaffneten Kampf einer- und zum Kampf auch und gerade gegen zivile Ziele andererseits, zu Terrorismus. Und dieses Bekenntnis hat durchaus auch einige Folgen f\u00fcr alle \u00bbPal\u00e4stinenser\u00ab.<\/p>\n<p>So m\u00fcssen nach <a href=\"https:\/\/english.wafa.ps\/Pages\/Details\/132533\">Angaben<\/a> von \u00bbPremierminister\u00ab Mohammad Shtayeh vor \u00bbMinistern\u00ab seines \u00bbKabinetts\u00ab die zivilen Besch\u00e4ftigten des Regimes, \u00c4rzte, Lehrer, Besch\u00e4ftigte in der Verwaltung, seit \u00fcber einem Jahr auf 20 Prozent ihrer Geh\u00e4lter verzichten, weil seiner \u00bbRegierung\u00ab entsprechende Einnahmen fehlen. F\u00fcr \u00bbM\u00e4rtyrerrenten\u00ab und deren Erh\u00f6hung allerdings hat Ramallah immer ausreichende Mittel.<\/p>\n<p>So zeigt die international leider dennoch anerkannte und unterst\u00fctzte \u00bbPal\u00e4stinenserf\u00fchrung\u00ab ganz praktisch, was ihr am wichtigsten ist: An erster Stelle &#8211; nach den Bed\u00fcrfnissen der privaten Konten Abu Mazens und Co. selbstverst\u00e4ndlich &#8211; kommt die \u00bbRevolution\u00ab, der antisemitische Terrorismus gegen Juden und Israel. Was dann noch bleibt, kommt wom\u00f6glich \u00bbPal\u00e4stinensern\u00ab zugute, die die Priorit\u00e4ten ihrer \u00bbF\u00fchrer\u00ab nicht unbedingt teilen, sich jedenfalls nicht aktiv am Terror beteiligen wollen.<\/p>\n<p>Und so machen die Feiern in Ramallah, Gaza und anderswo zur Erinnerung an die ersten terroristischen Angriffe der Fatah erneut deutlich, da\u00df wohl auch im eben begonnenen Jahr nicht mit ernsthaften \u00bbpal\u00e4stinensischen\u00ab Bem\u00fchungen zu rechnen ist, den Konflikt mit Israel einer friedlichen L\u00f6sung n\u00e4herzubringen. Daran sollte sich erinnern, wer \u00fcber die neue Regierung in Jerusalem Krokodilstr\u00e4nen weint.<\/p>\n","protected":false},"excerpt":{"rendered":"<p>\u00bbPal\u00e4stinenserpr\u00e4sident\u00ab Abu Mazen hat in Ramallah an den Feiern zum, wie es die von seinem Regime betriebene \u00bbNachrichtenagentur\u00ab Wafa formuliert, \u00bb58. Jahrestag der Gr\u00fcndung der Fatah und des Beginns der pal\u00e4stinensischen Revolution der Gegenwart\u00ab teilgenommen. Der auch als Mahmoud Abbas bekannte Antisemit entz\u00fcndete eine Flamme, mit der an das \u00bbhistorische\u00ab Ereignis erinnert wurde. Als Beginn [&hellip;]<\/p>\n","protected":false},"author":1,"featured_media":0,"comment_status":"open","ping_status":"open","sticky":false,"template":"","format":"standard","meta":{"footnotes":""},"categories":[2],"tags":[9,11,16,38,130,194,275,313,374],"class_list":["post-6987","post","type-post","status-publish","format-standard","hentry","category-allgemein","tag-maertyrerrenten","tag-palaestina","tag-abu-mazen","tag-antisemitismus","tag-fatah","tag-israel","tag-mohammad-shtayeh","tag-plo","tag-terrorismus"],"_links":{"self":[{"href":"https:\/\/www.tw24.net\/index.php?rest_route=\/wp\/v2\/posts\/6987","targetHints":{"allow":["GET"]}}],"collection":[{"href":"https:\/\/www.tw24.net\/index.php?rest_route=\/wp\/v2\/posts"}],"about":[{"href":"https:\/\/www.tw24.net\/index.php?rest_route=\/wp\/v2\/types\/post"}],"author":[{"embeddable":true,"href":"https:\/\/www.tw24.net\/index.php?rest_route=\/wp\/v2\/users\/1"}],"replies":[{"embeddable":true,"href":"https:\/\/www.tw24.net\/index.php?rest_route=%2Fwp%2Fv2%2Fcomments&post=6987"}],"version-history":[{"count":1,"href":"https:\/\/www.tw24.net\/index.php?rest_route=\/wp\/v2\/posts\/6987\/revisions"}],"predecessor-version":[{"id":6988,"href":"https:\/\/www.tw24.net\/index.php?rest_route=\/wp\/v2\/posts\/6987\/revisions\/6988"}],"wp:attachment":[{"href":"https:\/\/www.tw24.net\/index.php?rest_route=%2Fwp%2Fv2%2Fmedia&parent=6987"}],"wp:term":[{"taxonomy":"category","embeddable":true,"href":"https:\/\/www.tw24.net\/index.php?rest_route=%2Fwp%2Fv2%2Fcategories&post=6987"},{"taxonomy":"post_tag","embeddable":true,"href":"https:\/\/www.tw24.net\/index.php?rest_route=%2Fwp%2Fv2%2Ftags&post=6987"}],"curies":[{"name":"wp","href":"https:\/\/api.w.org\/{rel}","templated":true}]}}