{"id":7116,"date":"2023-02-28T14:11:05","date_gmt":"2023-02-28T12:11:05","guid":{"rendered":"https:\/\/www.tw24.net\/?p=7116"},"modified":"2023-02-28T14:11:05","modified_gmt":"2023-02-28T12:11:05","slug":"realitaetsverleugnung","status":"publish","type":"post","link":"https:\/\/www.tw24.net\/?p=7116","title":{"rendered":"Realit\u00e4tsverleugnung"},"content":{"rendered":"<p>Noch w\u00e4hrend am Montag gemeldet wurde, da\u00df ein weiterer Mensch dem Anschlag eines \u00bbpal\u00e4stinensischen\u00ab Terroristen zum Opfer gefallen ist, versuchte das \u00bbAu\u00dfenministerium\u00ab des Regimes in Ramallah, Profit aus den Ausschreitungen israelischer \u00bbSiedler\u00ab am Vortag zu ziehen, die insbesondere in der Ortschaft Huwara gew\u00fctet hatten, nachdem dort ein \u00bbPal\u00e4stinenser\u00ab ein Bruderpaar ermordet hatte.<\/p>\n<p>In seinem verleumderischen Pamphlet macht das \u00bbAu\u00dfenministerium\u00ab in Ramallah Jerusalem belegfrei f\u00fcr die Gewalt der \u00bbSiedler\u00ab verantwortlich, obgleich die sich auch und gerade gegen israelische Sicherheitskr\u00e4fte gerichtet hatte, und wirft Israel bereits seit 75 Jahren andauernden \u00bbStaatsterrorismus\u00ab gegen das \u00bbwehrlose pal\u00e4stinensische Volk\u00ab vor. Der Weltgemeinschaft wird des Nichtstuns beschuldigt.<\/p>\n<p>So \u00e4rgerlich, so besch\u00e4mend derweil die Gewalt eines zahlenm\u00e4\u00dfig aber eben doch \u00fcberschaubaren Mobs in Huwara und an anderen Orten in den umstrittenen Gebieten als Reaktion auf \u00bbpal\u00e4stinensischen\u00ab Terror indes auch sind, mit ihrer \u00bbInterpretation\u00ab offenbart die \u00bbPal\u00e4stinenserf\u00fchrung\u00ab einmal mehr ihre v\u00f6llige Realit\u00e4tsverweigerung, die eine wesentliche Ursache daf\u00fcr ist, da\u00df die Situation ist, wie sie ist.<\/p>\n<p>Akzeptierte sie den Beschlu\u00df der Vereinten Nationen, der zur Gr\u00fcndung eines arabischen und eines j\u00fcdischen Staates f\u00fchren sollte, nicht blo\u00df in vorzugsweise in englischer Sprache formulierten Verlautbarungen, k\u00f6nnte der \u00bbpal\u00e4stinensisch\u00ab-israelische Konflikt l\u00e4ngst Geschichte sein. In der Realit\u00e4t allerdings befindet die PLO sich ebenso wie ihre islamistische Konkurrenz in selbsterkl\u00e4rten Krieg gegen das Judentum.<\/p>\n<p>Das offizielle Israel hat kein Interesse an den umstrittenen Gebiete. Die sind genau das aber auch noch immer, weil die \u00bbPal\u00e4stinenserf\u00fchrung\u00ab dem Wahn von einem \u00bbPal\u00e4stina\u00ab anh\u00e4ngt, neben dem kein Israel existiert, und ihn &#8211; auch mit terroristischen Mitteln &#8211; umzusetzen versucht. Erst wenige Tage ist es her, da\u00df \u00bbpal\u00e4stinensische nationale und islamische Kr\u00e4fte\u00ab zur \u00bbVersch\u00e4rfung des Volkswiderstands\u00ab aufriefen.<\/p>\n<p>Ganz ohne Frage sind die \u00dcbergriffe j\u00fcdischer Extremisten auf \u00bbPal\u00e4stinenser\u00ab und deren Eigentum <i>ein<\/i> Problem &#8211; nicht zuletzt f\u00fcr die Regierung in Jerusalem, gegen deren Autori\u00e4t sie sich auch richten. <i>Das<\/i> Problem jedoch sind nicht sie, sondern die \u00bbpal\u00e4stinensische\u00ab Verweigerung friedlicher Koexistenz. In Ramallah gilt \u00bbNormalisierung\u00ab als Hochverrat, auch die aktuelle israelische Regierung h\u00e4lt an ihr fest.<\/p>\n","protected":false},"excerpt":{"rendered":"<p>Noch w\u00e4hrend am Montag gemeldet wurde, da\u00df ein weiterer Mensch dem Anschlag eines \u00bbpal\u00e4stinensischen\u00ab Terroristen zum Opfer gefallen ist, versuchte das \u00bbAu\u00dfenministerium\u00ab des Regimes in Ramallah, Profit aus den Ausschreitungen israelischer \u00bbSiedler\u00ab am Vortag zu ziehen, die insbesondere in der Ortschaft Huwara gew\u00fctet hatten, nachdem dort ein \u00bbPal\u00e4stinenser\u00ab ein Bruderpaar ermordet hatte. In seinem verleumderischen [&hellip;]<\/p>\n","protected":false},"author":1,"featured_media":0,"comment_status":"open","ping_status":"open","sticky":false,"template":"","format":"standard","meta":{"footnotes":""},"categories":[2],"tags":[11,16,38,127,130,157,194,275,313,374],"class_list":["post-7116","post","type-post","status-publish","format-standard","hentry","category-allgemein","tag-palaestina","tag-abu-mazen","tag-antisemitismus","tag-extremismus","tag-fatah","tag-hamas","tag-israel","tag-mohammad-shtayeh","tag-plo","tag-terrorismus"],"_links":{"self":[{"href":"https:\/\/www.tw24.net\/index.php?rest_route=\/wp\/v2\/posts\/7116","targetHints":{"allow":["GET"]}}],"collection":[{"href":"https:\/\/www.tw24.net\/index.php?rest_route=\/wp\/v2\/posts"}],"about":[{"href":"https:\/\/www.tw24.net\/index.php?rest_route=\/wp\/v2\/types\/post"}],"author":[{"embeddable":true,"href":"https:\/\/www.tw24.net\/index.php?rest_route=\/wp\/v2\/users\/1"}],"replies":[{"embeddable":true,"href":"https:\/\/www.tw24.net\/index.php?rest_route=%2Fwp%2Fv2%2Fcomments&post=7116"}],"version-history":[{"count":1,"href":"https:\/\/www.tw24.net\/index.php?rest_route=\/wp\/v2\/posts\/7116\/revisions"}],"predecessor-version":[{"id":7117,"href":"https:\/\/www.tw24.net\/index.php?rest_route=\/wp\/v2\/posts\/7116\/revisions\/7117"}],"wp:attachment":[{"href":"https:\/\/www.tw24.net\/index.php?rest_route=%2Fwp%2Fv2%2Fmedia&parent=7116"}],"wp:term":[{"taxonomy":"category","embeddable":true,"href":"https:\/\/www.tw24.net\/index.php?rest_route=%2Fwp%2Fv2%2Fcategories&post=7116"},{"taxonomy":"post_tag","embeddable":true,"href":"https:\/\/www.tw24.net\/index.php?rest_route=%2Fwp%2Fv2%2Ftags&post=7116"}],"curies":[{"name":"wp","href":"https:\/\/api.w.org\/{rel}","templated":true}]}}