{"id":7231,"date":"2023-04-23T14:29:45","date_gmt":"2023-04-23T12:29:45","guid":{"rendered":"https:\/\/www.tw24.net\/?p=7231"},"modified":"2023-04-23T14:29:45","modified_gmt":"2023-04-23T12:29:45","slug":"frage-des-respekts","status":"publish","type":"post","link":"https:\/\/www.tw24.net\/?p=7231","title":{"rendered":"Frage des Respekts"},"content":{"rendered":"<p>Die Regierung in Jerusalem will den Obersten Gerichtshof Israels um eine neuerliche Fristverl\u00e4ngerung zur Umsetzung einer f\u00fcnf Jahre alten Entscheidung zur R\u00e4umung Khan al-Amars bitten, einer illegalen Siedlung von Beduinen in den umstrittenen Gebieten. Wie israelische Medien melden, beruft sich die Regierung um Premier Benjamin Netanjahu dabei auf eine \u00bbunmittelbar bevorstehende\u00ab Einigung mit den Bewohnern des \u00bbDorfes\u00ab.<\/p>\n<p>W\u00e4hrend seit einem halben Jahrzehnt um Khan al-Amar gestritten wird, hat sich an den unzumutbaren Lebensumst\u00e4nden dort wenig ge\u00e4ndert. \u00bbDie Menschen hausen in H\u00fctten aus Wellblech, Sperrholzplatten und Europaletten. \u00dcberall liegt M\u00fcll herum, Kinder spielen barfu\u00df im Dreck\u00ab, <a href=\"https:\/\/www.morgenpost.de\/politik\/article215473083\/Israel-gegen-die-Beduinen-Finale-im-Dorf-der-Entscheidung.html\">schrieb<\/a> die <i>Berliner Morgenpost<\/i> 2018, als Jerusalem eine Frist zur R\u00e4umung verstreichen lie\u00df &#8211; m\u00f6glicherweise, um einen Eklat mit Berlin zu <a href=\"https:\/\/www.tw24.net\/?p=3227\">vermeiden<\/a>.<\/p>\n<p>Seither wechselten die Regierungen in Jerusalem h\u00e4ufig, meist hie\u00df ihr Chef freilich Benjamin Netanjahu. Und sie alle haben mit ihren immer wieder erneuerten Forderungen nach Fristverl\u00e4ngerungen nur erreicht, da\u00df sich Khan al-Amar zu einem Wallfahrtsflecken f\u00fcr \u00bbisraelkritische\u00ab Diplomaten vor allem aus Europa entwickeln konnte, die sich dort alle paar Monate treffen, um ihren latenten Ha\u00df auf <i>den<\/i> j\u00fcdischen Staat auszuleben.<\/p>\n<p>Mit ihrer falschen \u00bbSolidarit\u00e4t\u00ab sind auch sie nicht unwesentlich mitverantwortlich daf\u00fcr, da\u00df die Bewohner Khan al-Amars sich \u00bbstandhaft\u00ab zeigen und ein Leben im Elend einem unter wesentlich besseren Umst\u00e4nden in der N\u00e4he vorziehen: Wer will schon als \u00bbVerr\u00e4ter\u00ab gelten, wenn etwa ein Sven K\u00fchn von Burgsdorff als Vertreter der Europ\u00e4ischen Union sich bei einem Kurzbesuch von den Ausharrenden \u00bbbeeindruckt\u00ab zeigt?<\/p>\n<p>Steht eine einvernehmliche Einigung mit den Bewohnern Khan al-Amars \u00fcber deren Umsiedlung wirklich bevor, kommt es auf ein paar weitere Tage bis zur Umsetzung der rechtsstaatlich best\u00e4tigten R\u00e4umung der illegalen Ansiedlung nicht an. Allerdings sollte schon 2018 eine solche Einigung nur noch eine Frage von Tagen sein. Es st\u00fcnde Premierminister Benjamin Netanjahu gut zu Gesicht, respektierte er eine h\u00f6chstrichterliche Entscheidung.<\/p>\n","protected":false},"excerpt":{"rendered":"<p>Die Regierung in Jerusalem will den Obersten Gerichtshof Israels um eine neuerliche Fristverl\u00e4ngerung zur Umsetzung einer f\u00fcnf Jahre alten Entscheidung zur R\u00e4umung Khan al-Amars bitten, einer illegalen Siedlung von Beduinen in den umstrittenen Gebieten. Wie israelische Medien melden, beruft sich die Regierung um Premier Benjamin Netanjahu dabei auf eine \u00bbunmittelbar bevorstehende\u00ab Einigung mit den Bewohnern [&hellip;]<\/p>\n","protected":false},"author":1,"featured_media":0,"comment_status":"open","ping_status":"open","sticky":false,"template":"","format":"standard","meta":{"footnotes":""},"categories":[2],"tags":[38,63,801,112,120,124,194,231,1087,331],"class_list":["post-7231","post","type-post","status-publish","format-standard","hentry","category-allgemein","tag-antisemitismus","tag-benjamin-netanjahu","tag-c-gebiete","tag-double-standards","tag-eu","tag-europaeische-union","tag-israel","tag-khan-al-ahmar","tag-oberster-gerichtshof","tag-rechtsstaat"],"_links":{"self":[{"href":"https:\/\/www.tw24.net\/index.php?rest_route=\/wp\/v2\/posts\/7231","targetHints":{"allow":["GET"]}}],"collection":[{"href":"https:\/\/www.tw24.net\/index.php?rest_route=\/wp\/v2\/posts"}],"about":[{"href":"https:\/\/www.tw24.net\/index.php?rest_route=\/wp\/v2\/types\/post"}],"author":[{"embeddable":true,"href":"https:\/\/www.tw24.net\/index.php?rest_route=\/wp\/v2\/users\/1"}],"replies":[{"embeddable":true,"href":"https:\/\/www.tw24.net\/index.php?rest_route=%2Fwp%2Fv2%2Fcomments&post=7231"}],"version-history":[{"count":1,"href":"https:\/\/www.tw24.net\/index.php?rest_route=\/wp\/v2\/posts\/7231\/revisions"}],"predecessor-version":[{"id":7232,"href":"https:\/\/www.tw24.net\/index.php?rest_route=\/wp\/v2\/posts\/7231\/revisions\/7232"}],"wp:attachment":[{"href":"https:\/\/www.tw24.net\/index.php?rest_route=%2Fwp%2Fv2%2Fmedia&parent=7231"}],"wp:term":[{"taxonomy":"category","embeddable":true,"href":"https:\/\/www.tw24.net\/index.php?rest_route=%2Fwp%2Fv2%2Fcategories&post=7231"},{"taxonomy":"post_tag","embeddable":true,"href":"https:\/\/www.tw24.net\/index.php?rest_route=%2Fwp%2Fv2%2Ftags&post=7231"}],"curies":[{"name":"wp","href":"https:\/\/api.w.org\/{rel}","templated":true}]}}