{"id":7389,"date":"2023-07-07T23:00:47","date_gmt":"2023-07-07T21:00:47","guid":{"rendered":"https:\/\/www.tw24.net\/?p=7389"},"modified":"2023-07-07T19:13:31","modified_gmt":"2023-07-07T17:13:31","slug":"antonio-guterres-terrorist-h-c","status":"publish","type":"post","link":"https:\/\/www.tw24.net\/?p=7389","title":{"rendered":"Ant\u00f3nio Guterres: Terrorist h.c."},"content":{"rendered":"<p>Mit Worten, die zu Terroristen zu sagen er nicht wagen w\u00fcrde, hat Ant\u00f3nio Guterres, der von Tyrannen in aller Welt gesch\u00e4tzte Generalsekret\u00e4r der Vereinten Nationen, Jerusalem f\u00fcr sein Vorgehen gegen \u00bbpal\u00e4stinensische\u00ab Terroristen und ihre Infrastruktur in Jenin \u00bbkritisiert\u00ab. Bei dem zweit\u00e4gigen Milit\u00e4reinsatz im von islamistischen Banden beherrschten Jenin waren Anfang der Woche ein Dutzend Terroristen get\u00f6tet worden.<\/p>\n<p>Bei Feuergefechten zwischen Mitgliedern der Hamas, des Islamic Jihad und weiterer mit ihnen verb\u00fcndeter Terrororganisationen und israelischen Einsatzkr\u00e4ften in einem als \u00bbFl\u00fcchtlingslager\u00ab bezeichneten Territorium waren auch zahlreiche Menschen verletzt worden, Terroristen wie angebliche Zivilisten. Ant\u00f3nio Guterres \u00bbkritisierte\u00ab das israelische Vorgehen als \u00bbexzessiv\u00ab und warf Jerusalem eine \u00bbEskalation\u00ab vor.<\/p>\n<p>\u00bbAber\u00ab, schulmeisterte der UN-Generalsekret\u00e4r, \u00bbEskalation ist keine Antwort\u00ab. Zudem \u00bbkritisierte\u00ab Ant\u00f3nio Guterres israelische Eins\u00e4tze gegen terroristische Ziele aus der Luft, diese seien nicht mit den Regeln zur Durchf\u00fchrung von Operationen zur Strafverfolgung vereinbar. Der israelische Einsatz sei, so Ant\u00f3nio Guterres zusammenfassend, \u00bbdie schlimmste Gewalt, die die Westbank in vielen Jahren erlebt\u00ab habe.<\/p>\n<p>Mit seinen hemmungslosen Angriffen auf <i>den<\/i> j\u00fcdischen Staat demonstriert der portugiesische \u00bbDiplomat\u00ab einmal mehr, weshalb seine Organisation f\u00fcr ihre notorische antiisraelische Voreingenommenheit ber\u00fcchtigt &#8211; oder eben: so beliebt &#8211; ist. Statt sich zu fragen, weshalb ein von den Vereinten Nationen betriebenes \u00bbFl\u00fcchtlingslager\u00ab unter Terroristen als sicherer R\u00fcckzugsort gilt, diskreditiert Ant\u00f3nio Guterres den Kampf gegen sie.<\/p>\n<p>Dabei sind sie es, die ziviles Leben in Gefahr bringen, wissentlich und willentlich: Ihre Angriffe &#8211; erst vor wenigen Tagen wurden von Jenin aus Raketen auf Israel abgefeuert &#8211; zielen auf Zivilisten, auf zivile Infrastruktur. Und zugleich verstecken Terroristen sich hinter und unter Terroristen, richten etwa ihre Waffenschmieden und -lager bewu\u00dft im \u00bbSchutz\u00ab ziviler Infrastruktur ein &#8211; in Jenin unter den Augen der <a href=\"https:\/\/www.unrwa.org\/where-we-work\/west-bank\/jenin-camp\">UNRWA<\/a>.<\/p>\n<p>Das israelische Vorgehen gegen \u00bbpal\u00e4stinensische\u00ab terroristische Organisationen, die nicht selten ihre Befehle aus Teheran beziehen, ihre Infrastruktur und ihre Mitglieder und Unterst\u00fctzer ist ein zutiefst humanit\u00e4r motivierter Einsatz: Es schw\u00e4cht und neutralisiert Terroristen, von denen Gefahren f\u00fcr die Zivilbev\u00f6lkerung in den umstrittenen Gebieten ebenso wie in Israel ausgingen, und sie um Teile ihrer Infrastruktur gebracht.<\/p>\n<p>Da\u00df ein auch noch europ\u00e4ischer Generalsekret\u00e4r einer Organisation, die von sich selbst behauptet, f\u00fcr Frieden und Sicherheit in aller Welt sich einzusetzen, sich dar\u00fcber beklagt, da\u00df ein Staat nicht vor Terroristen und den von ihnen ausgehenden Gefahren einknickt, sondern aktiv und, wo n\u00f6tig, robust gegen sie vorgeht, ist ein peinliches Armutszeugnis f\u00fcr diese. Skandal\u00f6s ist dabei Ant\u00f3nio Guterres\u2019 offene Voreingenommenheit.<\/p>\n","protected":false},"excerpt":{"rendered":"<p>Mit Worten, die zu Terroristen zu sagen er nicht wagen w\u00fcrde, hat Ant\u00f3nio Guterres, der von Tyrannen in aller Welt gesch\u00e4tzte Generalsekret\u00e4r der Vereinten Nationen, Jerusalem f\u00fcr sein Vorgehen gegen \u00bbpal\u00e4stinensische\u00ab Terroristen und ihre Infrastruktur in Jenin \u00bbkritisiert\u00ab. Bei dem zweit\u00e4gigen Milit\u00e4reinsatz im von islamistischen Banden beherrschten Jenin waren Anfang der Woche ein Dutzend Terroristen [&hellip;]<\/p>\n","protected":false},"author":1,"featured_media":0,"comment_status":"open","ping_status":"open","sticky":false,"template":"","format":"standard","meta":{"footnotes":""},"categories":[2],"tags":[11,38,40,42,68,112,192,194,207,214,374,725,399],"class_list":["post-7389","post","type-post","status-publish","format-standard","hentry","category-allgemein","tag-palaestina","tag-antisemitismus","tag-antonio-guterres","tag-appeasement","tag-bigotterie","tag-double-standards","tag-islamismus","tag-israel","tag-jenin","tag-jihadismus","tag-terrorismus","tag-un","tag-vereinte-nationen"],"_links":{"self":[{"href":"https:\/\/www.tw24.net\/index.php?rest_route=\/wp\/v2\/posts\/7389","targetHints":{"allow":["GET"]}}],"collection":[{"href":"https:\/\/www.tw24.net\/index.php?rest_route=\/wp\/v2\/posts"}],"about":[{"href":"https:\/\/www.tw24.net\/index.php?rest_route=\/wp\/v2\/types\/post"}],"author":[{"embeddable":true,"href":"https:\/\/www.tw24.net\/index.php?rest_route=\/wp\/v2\/users\/1"}],"replies":[{"embeddable":true,"href":"https:\/\/www.tw24.net\/index.php?rest_route=%2Fwp%2Fv2%2Fcomments&post=7389"}],"version-history":[{"count":1,"href":"https:\/\/www.tw24.net\/index.php?rest_route=\/wp\/v2\/posts\/7389\/revisions"}],"predecessor-version":[{"id":7390,"href":"https:\/\/www.tw24.net\/index.php?rest_route=\/wp\/v2\/posts\/7389\/revisions\/7390"}],"wp:attachment":[{"href":"https:\/\/www.tw24.net\/index.php?rest_route=%2Fwp%2Fv2%2Fmedia&parent=7389"}],"wp:term":[{"taxonomy":"category","embeddable":true,"href":"https:\/\/www.tw24.net\/index.php?rest_route=%2Fwp%2Fv2%2Fcategories&post=7389"},{"taxonomy":"post_tag","embeddable":true,"href":"https:\/\/www.tw24.net\/index.php?rest_route=%2Fwp%2Fv2%2Ftags&post=7389"}],"curies":[{"name":"wp","href":"https:\/\/api.w.org\/{rel}","templated":true}]}}