{"id":7392,"date":"2023-07-08T15:39:52","date_gmt":"2023-07-08T13:39:52","guid":{"rendered":"https:\/\/www.tw24.net\/?p=7392"},"modified":"2023-07-08T15:39:52","modified_gmt":"2023-07-08T13:39:52","slug":"selbstdemontage-12","status":"publish","type":"post","link":"https:\/\/www.tw24.net\/?p=7392","title":{"rendered":"Selbstdemontage"},"content":{"rendered":"<p>UN-Generalsekret\u00e4r Ant\u00f3nio Guterres lehnt es nach <a href=\"https:\/\/press.un.org\/en\/2023\/db230707.doc.htm\">Auskunft<\/a> eines Sprechers ab, seine <a href=\"https:\/\/www.un.org\/sg\/en\/content\/sg\/press-encounter\/2023-07-06\/secretary-generals-press-encounter-visits-haiti-and-trinidad-and-tobago-and-the-situation-the-middle-east\">Behauptungen<\/a> \u00fcber den Einsatz israelischer Streitkr\u00e4fte gegen \u00bbpal\u00e4stinensische\u00ab Terroristen in Jenin zur\u00fcckzunehmen oder abzuschw\u00e4chen. \u00bbDer Generalsekret\u00e4r steht zu seinen Aussagen\u00ab, erkl\u00e4rte der Sprecher Ant\u00f3nio Guterres\u2019 am Freitag in einer Pressekonferenz auf eine entsprechende Nachfrage eines Journalisten.<\/p>\n<p>Nachdem Ant\u00f3nio Guterres am Tag zuvor gegen\u00fcber Medienvertretern ge\u00e4u\u00dfert hatte, es sei \u00bboffensichtlich\u00ab, da\u00df die israelischen Einsatzkr\u00e4fte bei ihrer Operation in der \u00bbpal\u00e4stinensischen\u00ab Terrorhochburg Jenin zu Beginn der Woche \u00bbexzessive Gewalt\u00ab angewendet h\u00e4tten, war er f\u00fcr seine einseitigen und verleumderischen Angriffe auf Jerusalem von verschiedenen j\u00fcdischen Organisationen in aller Welt kritisiert worden.<\/p>\n<p>Auch Gilad Erdan, der Botschafter Israels bei den Vereinten Nationen, hatte Ant\u00f3nio Guterres in einem Schreiben <a href=\"https:\/\/www.timesofisrael.com\/un-chief-dismisses-israeli-demand-he-retract-accusation-of-excessive-force-in-jenin\/\">aufgefordert<\/a>, seine Anschuldigungen zu \u00fcberdenken. In dem Brief schildert der israelische Diplomat die Vorgeschichte des Einsatzes in Jenin und gibt einen \u00dcberblick \u00fcber dessen Ergebnisse. Er schildert, wie \u00bbpal\u00e4stinensische\u00ab Terroristen sich Jenin und dessen Bev\u00f6lkerung zu Geiseln gemacht h\u00e4tten.<\/p>\n<p>Bei seinen antiisraelischen Vorw\u00fcrfen hatte der Generalsekret\u00e4r der Vereinten Nationen sich unhinterfragt auf Angaben des Regimes in Ramallah und einschl\u00e4gig ber\u00fcchtigter \u00bbMenschenrechtsorganisationen\u00ab gest\u00fctzt, zu deren St\u00e4rken nicht unbedingt Wahrheitsliebe oder Objektivit\u00e4t z\u00e4hlen. Es ist besch\u00e4mend, da\u00df Ant\u00f3nio Guterres sichtlich nicht bereit ist, die Argumente in Gilad Erdans Schreiben zu w\u00fcrdigen.<\/p>\n<p>Mit seinen unverantwortlichen Ausf\u00e4llen und dem Festhalten an ihnen bringt Ant\u00f3nio Guterres seine Vereinten Nationen weiter in Verruf. Statt \u00bbpal\u00e4stinensichem\u00ab Terror eine wenigstens verbale Abfuhr zu erteilen, feuert Ant\u00f3nio Guterres\u2019 Starrsinn ihn an. Der UN-Generalsekret\u00e4r propagiert das Einknicken vor Terroristen. Das freilich w\u00e4re eine Antwort auf terroristische Gewalt, die einer Unterwerfung gliche.<\/p>\n<p>Inwiefern eine solche Kapitulation den Terrorismus schw\u00e4chen soll, bleibt derweil Ant\u00f3nio Guterres\u2019 Geheimnis. Jerusalem, betont Gilad Erdan in seinem Brief, ist nicht bereit, seine Selbstachtung Terroristen zu opfern. \u00bbIsrael wird auch weiterhin entschlossen gegen Terror und sich anbahnende Sicherheitsbedrohungen vorgehen und dabei alle notwendigen Mittel einsetzen, um seine B\u00fcrger zu verteidigen.\u00ab<\/p>\n","protected":false},"excerpt":{"rendered":"<p>UN-Generalsekret\u00e4r Ant\u00f3nio Guterres lehnt es nach Auskunft eines Sprechers ab, seine Behauptungen \u00fcber den Einsatz israelischer Streitkr\u00e4fte gegen \u00bbpal\u00e4stinensische\u00ab Terroristen in Jenin zur\u00fcckzunehmen oder abzuschw\u00e4chen. \u00bbDer Generalsekret\u00e4r steht zu seinen Aussagen\u00ab, erkl\u00e4rte der Sprecher Ant\u00f3nio Guterres\u2019 am Freitag in einer Pressekonferenz auf eine entsprechende Nachfrage eines Journalisten. Nachdem Ant\u00f3nio Guterres am Tag zuvor gegen\u00fcber Medienvertretern [&hellip;]<\/p>\n","protected":false},"author":1,"featured_media":0,"comment_status":"open","ping_status":"open","sticky":false,"template":"","format":"standard","meta":{"footnotes":""},"categories":[2],"tags":[11,38,40,67,68,112,192,207,374,399],"class_list":["post-7392","post","type-post","status-publish","format-standard","hentry","category-allgemein","tag-palaestina","tag-antisemitismus","tag-antonio-guterres","tag-bias","tag-bigotterie","tag-double-standards","tag-islamismus","tag-jenin","tag-terrorismus","tag-vereinte-nationen"],"_links":{"self":[{"href":"https:\/\/www.tw24.net\/index.php?rest_route=\/wp\/v2\/posts\/7392","targetHints":{"allow":["GET"]}}],"collection":[{"href":"https:\/\/www.tw24.net\/index.php?rest_route=\/wp\/v2\/posts"}],"about":[{"href":"https:\/\/www.tw24.net\/index.php?rest_route=\/wp\/v2\/types\/post"}],"author":[{"embeddable":true,"href":"https:\/\/www.tw24.net\/index.php?rest_route=\/wp\/v2\/users\/1"}],"replies":[{"embeddable":true,"href":"https:\/\/www.tw24.net\/index.php?rest_route=%2Fwp%2Fv2%2Fcomments&post=7392"}],"version-history":[{"count":1,"href":"https:\/\/www.tw24.net\/index.php?rest_route=\/wp\/v2\/posts\/7392\/revisions"}],"predecessor-version":[{"id":7393,"href":"https:\/\/www.tw24.net\/index.php?rest_route=\/wp\/v2\/posts\/7392\/revisions\/7393"}],"wp:attachment":[{"href":"https:\/\/www.tw24.net\/index.php?rest_route=%2Fwp%2Fv2%2Fmedia&parent=7392"}],"wp:term":[{"taxonomy":"category","embeddable":true,"href":"https:\/\/www.tw24.net\/index.php?rest_route=%2Fwp%2Fv2%2Fcategories&post=7392"},{"taxonomy":"post_tag","embeddable":true,"href":"https:\/\/www.tw24.net\/index.php?rest_route=%2Fwp%2Fv2%2Ftags&post=7392"}],"curies":[{"name":"wp","href":"https:\/\/api.w.org\/{rel}","templated":true}]}}