{"id":7493,"date":"2023-08-21T11:56:41","date_gmt":"2023-08-21T09:56:41","guid":{"rendered":"https:\/\/www.tw24.net\/?p=7493"},"modified":"2023-08-21T11:56:41","modified_gmt":"2023-08-21T09:56:41","slug":"recht-auf-bildung","status":"publish","type":"post","link":"https:\/\/www.tw24.net\/?p=7493","title":{"rendered":"\u00bbRecht auf Bildung\u00ab"},"content":{"rendered":"<p>Die UNRWA, das ber\u00fcchtigte \u00bbHilfswerk der Vereinten Nationen f\u00fcr Pal\u00e4stina-Fl\u00fcchtlinge im Nahen Osten\u00ab, hat ihre Arbeit in dem libanesischen \u00bbFl\u00fcchtlingslager\u00ab Ein El Hilweh <a href=\"https:\/\/www.unrwa.org\/newsroom\/news-releases\/unrwa-suspends-its-services-today-ein-el-hilweh-protest-over-violation-its-Premises\">eingestellt<\/a>, der gr\u00f6\u00dften derartigen Einrichtung im Libanon. P\u00fcnktlich zum Beginn eines neuen Schuljahres schickt das \u00bbHilfswerks\u00ab damit nach eigenen Angaben 3.200 Heranwachsende in auf unbefristete Zeit verl\u00e4ngerte Ferien.<\/p>\n<p>L\u00e4\u00dft es sich derweil die Europ\u00e4ische Union insbesondere gegen\u00fcber Israel nicht nehmen, \u00f6ffentlich an ein \u00bbRecht auf Bildung\u00ab zu <a href=\"https:\/\/www.tw24.net\/?p=7489\">erinnern<\/a>, das selbst \u00bbpal\u00e4stinensischen\u00ab Kindern zustehe, haben die Vertreter Br\u00fcssels bisher davon abgesehen, den Schritt der UNRWA \u00f6ffentlich zu kommentieren. Im Libanon zu \u00bbFl\u00fcchtlingen\u00ab erkl\u00e4rte und systematisch vieler ihrer Rechte beraubte \u00bbPal\u00e4stinenser\u00ab sind ihr gleichg\u00fcltig.<\/p>\n<p>Und auch aus \u00bbPal\u00e4stina\u00ab, wo \u00bbMinisterpr\u00e4sident\u00ab Mohammad Shtayeh gerade das neue Schuljahr unter das sch\u00f6ne Motto \u00bbSchutz der Bildung\u00ab <a href=\"https:\/\/english.wafa.ps\/Pages\/Details\/137239\">gestellt<\/a> hat, ist zur Schlie\u00dfung der UNRWA-Schulen in Ein El Hilweh auffallend wenig zu h\u00f6ren. Eisern beschweigt Ramallah freilich bereits seit einiger Zeit, was in Ein El Hilweh geschieht und jetzt auch den Anla\u00df zu dem drastischen Schritt der UNRWA lieferte.<\/p>\n<p>Es sind rivalisierende \u00bbpal\u00e4stinensische\u00ab Banden, die sich in dem <a href=\"https:\/\/www.unrwa.org\/where-we-work\/lebanon\/ein-el-hilweh-camp\">\u00bbFl\u00fcchtlingslager\u00ab<\/a> bewaffnete Auseinandersetzungen liefern. Es sind die gleichen terroristischen Organisationen, die in Ramallah \u00bbregieren\u00ab und in Gaza herrschen, die gleichen, in deren H\u00e4nde das \u00bbHilfswerk\u00ab eigenen Angaben zufolge \u00bbSicherheit\u00ab und \u00bbVerwaltung\u00ab Ein El Hilwehs legte. Gegen die Folgen \u00bbprotestiert\u00ab die UNRWA nun.<\/p>\n<p>Das UN-\u00bbHilfswerk\u00ab bertreibt damit kaum mehr Gesichtswahrung, denn unter seinen Augen, unter seinem Schutz konnten sich die \u00bbpal\u00e4stinensischen\u00ab Terroristen bewaffnen, Anh\u00e4nger rekrutieren und mobilisieren. Gleichzeitig stellt ihr lautes Schweigen zum \u00bbRecht auf Bildung\u00ab von nach UN-Angaben 3.200 Kindern die antisemitische Verlogenheit der EU anschaulich ebenso blo\u00df wie die \u00bbPal\u00e4stinenserf\u00fchrung\u00ab.<\/p>\n","protected":false},"excerpt":{"rendered":"<p>Die UNRWA, das ber\u00fcchtigte \u00bbHilfswerk der Vereinten Nationen f\u00fcr Pal\u00e4stina-Fl\u00fcchtlinge im Nahen Osten\u00ab, hat ihre Arbeit in dem libanesischen \u00bbFl\u00fcchtlingslager\u00ab Ein El Hilweh eingestellt, der gr\u00f6\u00dften derartigen Einrichtung im Libanon. P\u00fcnktlich zum Beginn eines neuen Schuljahres schickt das \u00bbHilfswerks\u00ab damit nach eigenen Angaben 3.200 Heranwachsende in auf unbefristete Zeit verl\u00e4ngerte Ferien. L\u00e4\u00dft es sich derweil [&hellip;]<\/p>\n","protected":false},"author":1,"featured_media":0,"comment_status":"open","ping_status":"open","sticky":false,"template":"","format":"standard","meta":{"footnotes":""},"categories":[2],"tags":[38,68,69,112,120,124,130,157,247,313,374,389,399],"class_list":["post-7493","post","type-post","status-publish","format-standard","hentry","category-allgemein","tag-antisemitismus","tag-bigotterie","tag-bildung","tag-double-standards","tag-eu","tag-europaeische-union","tag-fatah","tag-hamas","tag-libanon","tag-plo","tag-terrorismus","tag-unrwa","tag-vereinte-nationen"],"_links":{"self":[{"href":"https:\/\/www.tw24.net\/index.php?rest_route=\/wp\/v2\/posts\/7493","targetHints":{"allow":["GET"]}}],"collection":[{"href":"https:\/\/www.tw24.net\/index.php?rest_route=\/wp\/v2\/posts"}],"about":[{"href":"https:\/\/www.tw24.net\/index.php?rest_route=\/wp\/v2\/types\/post"}],"author":[{"embeddable":true,"href":"https:\/\/www.tw24.net\/index.php?rest_route=\/wp\/v2\/users\/1"}],"replies":[{"embeddable":true,"href":"https:\/\/www.tw24.net\/index.php?rest_route=%2Fwp%2Fv2%2Fcomments&post=7493"}],"version-history":[{"count":1,"href":"https:\/\/www.tw24.net\/index.php?rest_route=\/wp\/v2\/posts\/7493\/revisions"}],"predecessor-version":[{"id":7494,"href":"https:\/\/www.tw24.net\/index.php?rest_route=\/wp\/v2\/posts\/7493\/revisions\/7494"}],"wp:attachment":[{"href":"https:\/\/www.tw24.net\/index.php?rest_route=%2Fwp%2Fv2%2Fmedia&parent=7493"}],"wp:term":[{"taxonomy":"category","embeddable":true,"href":"https:\/\/www.tw24.net\/index.php?rest_route=%2Fwp%2Fv2%2Fcategories&post=7493"},{"taxonomy":"post_tag","embeddable":true,"href":"https:\/\/www.tw24.net\/index.php?rest_route=%2Fwp%2Fv2%2Ftags&post=7493"}],"curies":[{"name":"wp","href":"https:\/\/api.w.org\/{rel}","templated":true}]}}