{"id":7530,"date":"2023-09-09T13:06:15","date_gmt":"2023-09-09T11:06:15","guid":{"rendered":"https:\/\/www.tw24.net\/?p=7530"},"modified":"2024-08-01T15:30:14","modified_gmt":"2024-08-01T13:30:14","slug":"unglaubwuerdige-kritik","status":"publish","type":"post","link":"https:\/\/www.tw24.net\/?p=7530","title":{"rendered":"Unglaubw\u00fcrdige Kritik"},"content":{"rendered":"<p>\u00bbPal\u00e4stinenserpr\u00e4sident\u00ab Abu Mazen, seine strategischen Partner in der deutschen Sozialdemokratie kennen ihn auch als Mahmoud Abbas, hat, wie in dieser Woche bekannt wurde, den j\u00fcngsten \u00bbParteitag\u00ab seiner Fatah dazu genutzt, sein Publikum mit Ausf\u00fchrungen \u00fcber die seiner Ansicht nach wirklichen Ursachen der von Deutschen und ihren Helfern ins Werk gesetzten \u00bbEndl\u00f6sung der Judenfrage\u00ab zu unterhalten.<\/p>\n<p>Juden, so der \u00bbPal\u00e4stinenserf\u00fchrer\u00ab, seien nicht etwa aus antisemitischen Motiven verfolgt und ermordet worden, also als Juden, sondern wegen ihrer \u00bbgesellschaftlichen Rolle\u00ab, \u00bbdie mit Wucherei, Geld und so weiter zu tun\u00ab gehabt h\u00e4tte. Und einmal in Fahrt, sponn sich Abu Mazen noch w\u00fcste Therorien zusammen, die die st\u00e4ndige Behauptung seines Regimes, das Judentum h\u00e4tte keinerlei Bez\u00fcge zu Israel, st\u00fctzen sollten.<\/p>\n<p>Die neuerlichen deutlich antisemitischen Ausf\u00e4lle des Wiederholungst\u00e4ters Abu Mazen w\u00e4ren freilich vermutlich unerh\u00f6rt verhallt, h\u00e4tte sich nicht eine Nichtregierungsorganisation die M\u00fche gemacht, sie zu <a href=\"https:\/\/www.memri.org\/reports\/palestinian-president-mahmoud-abbas-hitler-fought-european-jews-because-their-usury-money\">\u00fcbersetzen<\/a> und so erst einer westlichen Welt zug\u00e4nglich zu machen, die Ramallah zwar bereitwillig finanziell unterst\u00fctzt, ansonsten aber gar nicht so genau wissen <i>will<\/i>, was sie mit ihrer als \u00bbhumanit\u00e4r\u00ab bezeichneten \u00bbHilfe\u00ab anrichtet.<\/p>\n<p>Mit der \u00dcbersetzung jedenfalls sah man sich dann dort zu Reaktionen gezwungen: Washington verurteilte die antisemitische Rede, die EU rang sich eine <a href=\"https:\/\/www.eeas.europa.eu\/eeas\/palestine-statement-spokesperson-president-abbas-remarks-jews-and-anti-semitism_en\">Distanzierung<\/a> ab, Frankreich erkannte dem \u00bbPal\u00e4stinenserpr\u00e4sidenten\u00ab eine hohe Auszeichnung ab, und sogar aus Deutschland gab es mit Superlativen garnierte Kritik: Steffen Seibert, Berlins Botschafter in Israel, <a href=\"https:\/\/twitter.com\/GerAmbTLV\/status\/1699431139503411645\">\u00e4u\u00dferte<\/a> sich, der in Ramallah stationierte <a href=\"https:\/\/twitter.com\/GerRepRamallah\/status\/1699490573374107827\">Oliver Owcza<\/a>.<\/p>\n<p>Glaubw\u00fcrdiger allerdings w\u00e4re all die &#8211; richtige &#8211; Kritik, h\u00e4tte sie auch negative Folgen f\u00fcr Abu Mazen und die \u00bbPal\u00e4stinenserf\u00fchrung\u00ab. Doch in dieser Hinsicht blieb Abu Mazens Hetze unsanktioniert: Die EU <a href=\"https:\/\/www.facebook.com\/EUandPalestinians\/posts\/pfbid02zwW5CQitSfhVWhzNYojqFEeQGJp2QhgFwDdN2dq6EqRseZ52McSHkGgzGGXJJCgQl\">akkreditierte<\/a> ihren neuen Repr\u00e4sentanten in Ramallah, Alexandre Stutzmann, beim Regime um Abu Mazen, die deutsche staatliche Kreditanstalt f\u00fcr Wiederaufbau (KfW) <a href=\"https:\/\/english.wafa.ps\/Pages\/Details\/137460\">k\u00fcndigte<\/a> die Er\u00f6ffnung eines B\u00fcros in \u00bbPal\u00e4stina\u00ab an.<\/p>\n<p>Begleitet wurden diese Verbeugungen vor dem antisemitischen Regime Abu Mazens von Bekenntnissen zum Ziel des Aufbaus eines \u00bbpal\u00e4stinensischen\u00ab Staates, Versprechen, die an keine Bedingungen gekn\u00fcpft wurden, etwa an die Forderung, antisemitische Hetze zu unterlassen oder \u00bbpal\u00e4stinensischen\u00ab Terrorismus zu bek\u00e4mpfen, statt ihn zu f\u00f6rdern. Wer noch immer auf solche Forderungen verzichtet, legitimiert Antisemitismus.<\/p>\n","protected":false},"excerpt":{"rendered":"<p>\u00bbPal\u00e4stinenserpr\u00e4sident\u00ab Abu Mazen, seine strategischen Partner in der deutschen Sozialdemokratie kennen ihn auch als Mahmoud Abbas, hat, wie in dieser Woche bekannt wurde, den j\u00fcngsten \u00bbParteitag\u00ab seiner Fatah dazu genutzt, sein Publikum mit Ausf\u00fchrungen \u00fcber die seiner Ansicht nach wirklichen Ursachen der von Deutschen und ihren Helfern ins Werk gesetzten \u00bbEndl\u00f6sung der Judenfrage\u00ab zu unterhalten. [&hellip;]<\/p>\n","protected":false},"author":1,"featured_media":0,"comment_status":"open","ping_status":"open","sticky":false,"template":"","format":"standard","meta":{"footnotes":""},"categories":[2],"tags":[11,16,1144,38,42,102,120,124,130,167,1143,252,313,374],"class_list":["post-7530","post","type-post","status-publish","format-standard","hentry","category-allgemein","tag-palaestina","tag-abu-mazen","tag-alexandre-stutzmann","tag-antisemitismus","tag-appeasement","tag-deutschland","tag-eu","tag-europaeische-union","tag-fatah","tag-hetze","tag-kfw","tag-mahmoud-abbas","tag-plo","tag-terrorismus"],"_links":{"self":[{"href":"https:\/\/www.tw24.net\/index.php?rest_route=\/wp\/v2\/posts\/7530","targetHints":{"allow":["GET"]}}],"collection":[{"href":"https:\/\/www.tw24.net\/index.php?rest_route=\/wp\/v2\/posts"}],"about":[{"href":"https:\/\/www.tw24.net\/index.php?rest_route=\/wp\/v2\/types\/post"}],"author":[{"embeddable":true,"href":"https:\/\/www.tw24.net\/index.php?rest_route=\/wp\/v2\/users\/1"}],"replies":[{"embeddable":true,"href":"https:\/\/www.tw24.net\/index.php?rest_route=%2Fwp%2Fv2%2Fcomments&post=7530"}],"version-history":[{"count":1,"href":"https:\/\/www.tw24.net\/index.php?rest_route=\/wp\/v2\/posts\/7530\/revisions"}],"predecessor-version":[{"id":7531,"href":"https:\/\/www.tw24.net\/index.php?rest_route=\/wp\/v2\/posts\/7530\/revisions\/7531"}],"wp:attachment":[{"href":"https:\/\/www.tw24.net\/index.php?rest_route=%2Fwp%2Fv2%2Fmedia&parent=7530"}],"wp:term":[{"taxonomy":"category","embeddable":true,"href":"https:\/\/www.tw24.net\/index.php?rest_route=%2Fwp%2Fv2%2Fcategories&post=7530"},{"taxonomy":"post_tag","embeddable":true,"href":"https:\/\/www.tw24.net\/index.php?rest_route=%2Fwp%2Fv2%2Ftags&post=7530"}],"curies":[{"name":"wp","href":"https:\/\/api.w.org\/{rel}","templated":true}]}}