{"id":7573,"date":"2023-09-30T15:12:04","date_gmt":"2023-09-30T13:12:04","guid":{"rendered":"https:\/\/www.tw24.net\/?p=7573"},"modified":"2023-09-30T15:12:04","modified_gmt":"2023-09-30T13:12:04","slug":"allianz-mit-dem-terror","status":"publish","type":"post","link":"https:\/\/www.tw24.net\/?p=7573","title":{"rendered":"Allianz mit dem Terror"},"content":{"rendered":"<p>Israelische Sicherheitskr\u00e4fte haben am Freitag einen Angriff \u00bbpal\u00e4stinensischer\u00ab Terroristen auf einen Posten in der N\u00e4he der Ortschaft Psagot vereitelt. Ein Angreifer wurde get\u00f6tet, ein anderer verletzt. Die beiden \u00bbPal\u00e4stinenser\u00ab hatten die Soldaten des Kontrollpostens zuvor mit Brands\u00e4tzen attackiert. In einer Stellungnahme <a href=\"https:\/\/hamas.ps\/ar\/post\/18139\/\u062d\u0645\u0627\u0633-\u062a\u0632\u0641-\u0627\u0644\u0634\u0647\u064a\u062f-\u0631\u0645\u0627\u0646\u0629-\u0648\u062a\u0624\u0643\u062f-\u0623\u0646\">\u00bbtrauert\u00ab<\/a> die Hamas um \u00bbunseren heldenhaften M\u00e4rtyrer\u00ab, der im Kampfeinsatz gegen \u00bbdie Besatzung\u00ab sein Leben gegeben habe.<\/p>\n<p>W\u00e4hrend die in Gaza herrschende islamistische Terrororganisation damit auf ihre Weise die Darstellung der israelischen Streitkr\u00e4fte l\u00e4ngst best\u00e4tigt, kann sich die \u00bbPal\u00e4stinenserf\u00fchrung\u00ab um und unter \u00bbPr\u00e4sident\u00ab Abu Mazen ihr freilich nicht so einfach anschlie\u00dfen. Auch und gerade gegen\u00fcber ihren internationalen Unterst\u00fctzern hat sie sich doch verpflichtet, sich ganz unzweideutig von Terrorismus zu distanzieren und ihn zu verurteilen.<\/p>\n<p>In ihrer <a href=\"https:\/\/english.wafa.ps\/Pages\/Details\/137841\">Darstellung<\/a> fehlt daher nicht nur jeder Hinweis auf den terroristischen Hintergrund des get\u00f6teten \u00bbPal\u00e4stinensers\u00ab, in ihr gerieten er und sein verletzter Spie\u00dfgeselle als Zivilisten &#8211; als \u00bbjunge M\u00e4nner\u00ab &#8211; v\u00f6llig unschuldig in einen \u00bbHinterhalt\u00ab der israelischen Streitkr\u00e4fte, in dem sie unter Feuer genommen wurden. Und so konnte denn auch die Fatah, die \u00bbPartei\u00ab des \u00bbPal\u00e4stinenserpr\u00e4sidenten\u00ab, sich doch hinter die Terroristen stellen.<\/p>\n<p>In Ramallah rief sie einen \u00bbGeneralstreik\u00ab <a href=\"https:\/\/english.wafa.ps\/Pages\/Details\/137843\">aus<\/a> und forderte zu \u00bbProtesten\u00ab vor israelischen <i>Checkpoints<\/i> auf. Und weil die \u00bbPal\u00e4stinenserf\u00fchrung\u00ab in Ramallah zugleich nur zu gut wei\u00df, da\u00df ihre Unterst\u00fctzer im Westen gar nicht so genau hinschauen <i>wollen<\/i>, wird sie damit auch durchkommen &#8211; wie schon so oft: Die Fatah ist als \u00bbstrategischer Partner\u00ab begehrt, obwohl sie sich durchschaubar mit dem Hamas-Terror solidarisiert. Und auch: <i>weil<\/i>.<\/p>\n","protected":false},"excerpt":{"rendered":"<p>Israelische Sicherheitskr\u00e4fte haben am Freitag einen Angriff \u00bbpal\u00e4stinensischer\u00ab Terroristen auf einen Posten in der N\u00e4he der Ortschaft Psagot vereitelt. Ein Angreifer wurde get\u00f6tet, ein anderer verletzt. Die beiden \u00bbPal\u00e4stinenser\u00ab hatten die Soldaten des Kontrollpostens zuvor mit Brands\u00e4tzen attackiert. In einer Stellungnahme \u00bbtrauert\u00ab die Hamas um \u00bbunseren heldenhaften M\u00e4rtyrer\u00ab, der im Kampfeinsatz gegen \u00bbdie Besatzung\u00ab sein [&hellip;]<\/p>\n","protected":false},"author":1,"featured_media":0,"comment_status":"open","ping_status":"open","sticky":false,"template":"","format":"standard","meta":{"footnotes":""},"categories":[2],"tags":[11,16,38,130,157,192,214,313,374],"class_list":["post-7573","post","type-post","status-publish","format-standard","hentry","category-allgemein","tag-palaestina","tag-abu-mazen","tag-antisemitismus","tag-fatah","tag-hamas","tag-islamismus","tag-jihadismus","tag-plo","tag-terrorismus"],"_links":{"self":[{"href":"https:\/\/www.tw24.net\/index.php?rest_route=\/wp\/v2\/posts\/7573","targetHints":{"allow":["GET"]}}],"collection":[{"href":"https:\/\/www.tw24.net\/index.php?rest_route=\/wp\/v2\/posts"}],"about":[{"href":"https:\/\/www.tw24.net\/index.php?rest_route=\/wp\/v2\/types\/post"}],"author":[{"embeddable":true,"href":"https:\/\/www.tw24.net\/index.php?rest_route=\/wp\/v2\/users\/1"}],"replies":[{"embeddable":true,"href":"https:\/\/www.tw24.net\/index.php?rest_route=%2Fwp%2Fv2%2Fcomments&post=7573"}],"version-history":[{"count":1,"href":"https:\/\/www.tw24.net\/index.php?rest_route=\/wp\/v2\/posts\/7573\/revisions"}],"predecessor-version":[{"id":7574,"href":"https:\/\/www.tw24.net\/index.php?rest_route=\/wp\/v2\/posts\/7573\/revisions\/7574"}],"wp:attachment":[{"href":"https:\/\/www.tw24.net\/index.php?rest_route=%2Fwp%2Fv2%2Fmedia&parent=7573"}],"wp:term":[{"taxonomy":"category","embeddable":true,"href":"https:\/\/www.tw24.net\/index.php?rest_route=%2Fwp%2Fv2%2Fcategories&post=7573"},{"taxonomy":"post_tag","embeddable":true,"href":"https:\/\/www.tw24.net\/index.php?rest_route=%2Fwp%2Fv2%2Ftags&post=7573"}],"curies":[{"name":"wp","href":"https:\/\/api.w.org\/{rel}","templated":true}]}}