{"id":7587,"date":"2023-10-08T11:20:12","date_gmt":"2023-10-08T09:20:12","guid":{"rendered":"https:\/\/www.tw24.net\/?p=7587"},"modified":"2023-10-08T11:29:33","modified_gmt":"2023-10-08T09:29:33","slug":"europaeische-solidaritaet","status":"publish","type":"post","link":"https:\/\/www.tw24.net\/?p=7587","title":{"rendered":"Europ\u00e4ische Solidarit\u00e4t"},"content":{"rendered":"<p>Die Hamas hat seit dem Beginn ihres \u00bbAl-Aksa-Flut\u00ab getauften Angriffs auf Israel \u00fcber 3.000 Raketen auf den j\u00fcdischen Stadt abgefeuert, ungez\u00e4hlte Terroristen sind mordend auf israelisches Gebiet vorgedrungen und haben eine noch ungez\u00e4hlte Zahl von Menschen in ihre Gewalt gebracht und gegen deren Willen nach Gaza verschleppt, Zivilisten und Soldaten. 300 Menschen fielen dem islamistischen Terror zum Opfer, Tausende wurden verletzt.<\/p>\n<p>W\u00e4hrend in den zivilisierteren Teile der Welt der Angriff verurteilt und in den anderen die \u00bbErfolge\u00ab der Islamisten gefeiert werden, herrscht doch Einigkeit dar\u00fcber, da\u00df diese pr\u00e4zedenzlose Eskalation von Gaza ausging, von der Hamas. Allein die \u00bbPal\u00e4stinenserf\u00fchrung\u00ab in Ramallah, die vom Westen und insbesondere Europa und dort von Deutschland geh\u00e4tschelte antisemitische Clique um \u00bbPr\u00e4sident\u00ab Abu Mazen, sieht das v\u00f6llig anders.<\/p>\n<p>F\u00fcr sie hat es keinen \u00dcberfall der Hamas auf Israel gegeben. In ihrer Wahnwelt hat Israel unprovoziert Gaza \u00fcberfallen und <a href=\"https:\/\/english.wafa.ps\/Pages\/Details\/137999\">f\u00fchrt<\/a> seit zwei Tagen eine <a href=\"https:\/\/english.wafa.ps\/Pages\/Details\/137997\">brutale<\/a> <a href=\"https:\/\/english.wafa.ps\/Pages\/Details\/137997\">Aggression<\/a> gegen die dortige <a href=\"https:\/\/english.wafa.ps\/Pages\/Details\/137988\">Zivilbev\u00f6lkerung<\/a>, unter ihrer Aufsicht wurde gar ein \u00bbGeneralstreik\u00ab organisiert, von dem, erkl\u00e4rt sie, die \u00bbkraftvolle Botschaft\u00ab <a href=\"https:\/\/english.wafa.ps\/Pages\/Details\/137994\">ausgehe<\/a>, \u00bbda\u00df das geeinte pal\u00e4stinensische Volk der fortgesetzten israelischen Aggression nicht tatenlos zuschauen\u00ab werde.<\/p>\n<p>Es ist w\u00fcste Hetze gegen Israel, die vom Regime in Ramallah ausgeht, das mit seiner v\u00f6lligen Verleugnung der Realit\u00e4t selbst der Hamas ihre leider un\u00fcbersehbaren \u00bbErfolge\u00ab abspricht, vor allem aber sich selbst als eine Kraft entlarvt, von der gewi\u00df kein Frieden ausgeht. Es sollte daher eine Selbstverst\u00e4ndlichkeit sein f\u00fcr vern\u00fcnftige Menschen, die N\u00e4he eines solchen Regimes zu meiden, seine Protagonisten f\u00fcr ihre Hetze zu sanktionieren.<\/p>\n<p>Und dennoch kann <i>Wafa<\/i>, die amtliche \u00bbNachrichtenagentur\u00ab dieser antisemitischen Clique, <a href=\"https:\/\/english.wafa.ps\/Pages\/Details\/137987\">berichten<\/a>: \u00bbPr\u00e4sident Abbas ber\u00e4t mit seinem franz\u00f6sischen Amtskollegen \u00fcber die aktuellen Entwicklungen\u00ab. Ramallah legitimiert und rechtfertigt mit seiner an Einseitigkeit un\u00fcbertrefflichen Propaganda Massaker an der israelischen Bev\u00f6lkerung, Angriffe auf Israel &#8211; und Pr\u00e4sident Emmanuel Macron meint, es sei angemessen, mit Abu Mazen zu telefonieren.<\/p>\n<p>Und er legte offenbar auch nicht auf, als \u00bbPr\u00e4sident\u00ab Abu Mazen ihn, Emmanuel Macron, aufforderte, \u00bbunverz\u00fcglich einzugreifen, um die Aggression der israelischen Besatzungstruppen gegen das pal\u00e4stinensische Volk zu unterbinden\u00ab, wie es wiederum bei <i>Wafa<\/i> hei\u00dft. Abu Mazens Regime ist verantwortlich f\u00fcr eine verlogene Hetzkampagne gegen Israel, und der franz\u00f6sische Pr\u00e4sident l\u00e4\u00dft es zu, da\u00df Abu Mazen sich als Staatsmann inszeniert.<\/p>\n<p>Der franz\u00f6sische Pr\u00e4sident Emmanuel Macron, <a href=\"https:\/\/www.reuters.com\/world\/frances-macron-condemns-attacks-against-israel-spoke-netanyahu-2023-10-07\/\">meldet<\/a> <i>Reuters<\/i>, soll die Angriffe der Hamas auf israelische Zivilisten verurteilt haben. Mit seinen Telefonaten mit Regierungs- und Regimechefs in der Region, zu seinen Gespr\u00e4chspartnern geh\u00f6rte auch der israelische Premier Benjamin Netanjahu, steht er allerdings exemplarisch daf\u00fcr, wie weit europ\u00e4ische Solidarit\u00e4tsadressen reichen. Israel leidet, und der Franzose st\u00e4rkt \u00bbPr\u00e4sident\u00ab Abu Mazen.<\/p>\n","protected":false},"excerpt":{"rendered":"<p>Die Hamas hat seit dem Beginn ihres \u00bbAl-Aksa-Flut\u00ab getauften Angriffs auf Israel \u00fcber 3.000 Raketen auf den j\u00fcdischen Stadt abgefeuert, ungez\u00e4hlte Terroristen sind mordend auf israelisches Gebiet vorgedrungen und haben eine noch ungez\u00e4hlte Zahl von Menschen in ihre Gewalt gebracht und gegen deren Willen nach Gaza verschleppt, Zivilisten und Soldaten. 300 Menschen fielen dem islamistischen [&hellip;]<\/p>\n","protected":false},"author":1,"featured_media":0,"comment_status":"open","ping_status":"open","sticky":false,"template":"","format":"standard","meta":{"footnotes":""},"categories":[2],"tags":[16,1155,38,42,68,117,120,121,145,148,157,192,194,252,374],"class_list":["post-7587","post","type-post","status-publish","format-standard","hentry","category-allgemein","tag-abu-mazen","tag-al-aksa-flut","tag-antisemitismus","tag-appeasement","tag-bigotterie","tag-emmanuel-macron","tag-eu","tag-europa","tag-frankreich","tag-gaza","tag-hamas","tag-islamismus","tag-israel","tag-mahmoud-abbas","tag-terrorismus"],"_links":{"self":[{"href":"https:\/\/www.tw24.net\/index.php?rest_route=\/wp\/v2\/posts\/7587","targetHints":{"allow":["GET"]}}],"collection":[{"href":"https:\/\/www.tw24.net\/index.php?rest_route=\/wp\/v2\/posts"}],"about":[{"href":"https:\/\/www.tw24.net\/index.php?rest_route=\/wp\/v2\/types\/post"}],"author":[{"embeddable":true,"href":"https:\/\/www.tw24.net\/index.php?rest_route=\/wp\/v2\/users\/1"}],"replies":[{"embeddable":true,"href":"https:\/\/www.tw24.net\/index.php?rest_route=%2Fwp%2Fv2%2Fcomments&post=7587"}],"version-history":[{"count":2,"href":"https:\/\/www.tw24.net\/index.php?rest_route=\/wp\/v2\/posts\/7587\/revisions"}],"predecessor-version":[{"id":7589,"href":"https:\/\/www.tw24.net\/index.php?rest_route=\/wp\/v2\/posts\/7587\/revisions\/7589"}],"wp:attachment":[{"href":"https:\/\/www.tw24.net\/index.php?rest_route=%2Fwp%2Fv2%2Fmedia&parent=7587"}],"wp:term":[{"taxonomy":"category","embeddable":true,"href":"https:\/\/www.tw24.net\/index.php?rest_route=%2Fwp%2Fv2%2Fcategories&post=7587"},{"taxonomy":"post_tag","embeddable":true,"href":"https:\/\/www.tw24.net\/index.php?rest_route=%2Fwp%2Fv2%2Ftags&post=7587"}],"curies":[{"name":"wp","href":"https:\/\/api.w.org\/{rel}","templated":true}]}}