{"id":7618,"date":"2023-10-17T10:32:01","date_gmt":"2023-10-17T08:32:01","guid":{"rendered":"https:\/\/www.tw24.net\/?p=7618"},"modified":"2023-10-17T10:32:01","modified_gmt":"2023-10-17T08:32:01","slug":"antiisraelische-profilierung","status":"publish","type":"post","link":"https:\/\/www.tw24.net\/?p=7618","title":{"rendered":"Antiisraelische Profilierung"},"content":{"rendered":"<p>Die Europ\u00e4ische Kommission hat eine Luftbr\u00fccke angek\u00fcndigt, \u00fcber die Gaza, wie es in einer <a href=\"https:\/\/ec.europa.eu\/commission\/presscorner\/detail\/en\/ip_23_5051\">Mitteilung<\/a> hei\u00dft, mit \u00bblebensrettende[n] Hilfsg\u00fcter[n]\u00ab versorgt werden soll. Ihre Fracht soll \u00fcber \u00c4gypten \u00bbzu ausgew\u00e4hlten humanit\u00e4ren Organisationen vor Ort in Gaza\u00ab bef\u00f6rdert werden. Mit den ersten beiden Fl\u00fcgen bereits in dieser Woche k\u00fcndigte die Europ\u00e4ische Kommission eine Verdreifachung ihrer Hilfen auf 75 Millionen Euro an.<\/p>\n<p>Hatte EU-Kommissar Oliv\u00e9r V\u00e1rhelyi noch vor einer Woche das vorl\u00e4ufige Ende jeglichen finanziellen Engagements der EU f\u00fcr die \u00bbPal\u00e4stinenser\u00ab <a href=\"https:\/\/twitter.com\/OliverVarhelyi\/status\/1711362070174708117\">verk\u00fcndet<\/a>, zeigt sie sich mit der Einrichtung ihrer Luftbr\u00fccke nun noch gro\u00dfz\u00fcgiger als vor Beginn des b\u00f6sartigsten Pogroms an Juden seit dem Ende des Zweiten Weltkrieg. Gibt sich die Europ\u00e4ische Kommission \u00bbhumanit\u00e4r\u00ab, stecken hinter ihrer Gro\u00dfz\u00fcgigkeit doch antiisraelische Ressentiments.<\/p>\n<p>Zeigte wahrer Humanismus sich darin, das islamistische Regime in Gaza zu zerschlagen und so die \u00bbPal\u00e4stinenser\u00ab von der Hamas zu befreien, assistiert ihr \u00bbTeam Europe\u00ab mit seiner Luftbr\u00fccke nur einmal mehr. Schon das bisherige bedingungslose finanzielle Engagement der EU in Gaza hat doch tats\u00e4chlich nichts dazu beigetragen, die Hamas zu schw\u00e4chen. Ganz im Gegenteil: Die Herrschaft der Islamisten wurde dadurch stabilisiert und perpetuiert.<\/p>\n<p>Da\u00df sich die Europ\u00e4ische Kommission nur einmal mehr gegen Israel zu profilieren sucht, wird auch vor dem Hintergrund ihres sehr exklusiven Einsatzes f\u00fcr das \u00bbRecht auf Bildung\u00ab \u00bbpal\u00e4stinensischer\u00ab Jugendlicher deutlich: Als Israel vor ein paar Wochen ein illegal errichtetes \u00bbSchulgeb\u00e4ude\u00ab abrei\u00dfen lie\u00df, reisten europ\u00e4ische und EU-Repr\u00e4sentanten in Klassenst\u00e4rke an, um dagegen zu protestieren. Von dem Abri\u00df waren 17 Sch\u00fcler betroffen.<\/p>\n<p>Sorgen hingegen \u00bbpal\u00e4stinensische\u00ab Banden in einem von der UNRWA eingerichteten \u00bbFl\u00fcchtlingslager\u00ab mit bewaffneten K\u00e4mpfen f\u00fcr andauernden Unterrichtsausfall, von dem nach Angaben der Vereinten Nationen mindestens 11.000 \u00bbpal\u00e4stinensische\u00ab Heranwachsende betroffen sind, r\u00fchrt das keinen der europ\u00e4ischen Bildungsaktivisten. Nicht einmal Libanon als \u00bbGastgeberland\u00ab der UNRWA-Einrichtung wurde gebeten, f\u00fcr Unterricht zu sorgen.<\/p>\n<p>Glaubte man da, Israel auch auf internationaler Ebene anprangern zu k\u00f6nnen, r\u00fchrte das \u00bbTeam Europe\u00ab da keinen Finger, wo sich keinerlei israelische Verantwortung konstruieren lie\u00df. Und so ist es nun wieder mit der Luftbr\u00fccke der Europ\u00e4ischen Kommission unter Pr\u00e4sidentin Ursula von der Leyen: Sie ist eine Verleumdung <i>des<\/i> j\u00fcdischen Staates, dem gar nicht mal besonders unterschwellig unterstellt wird, es bei seiner Verteidigung zu \u00fcbertreiben.<\/p>\n<p>Zwar wird in ihrer offiziellen Ank\u00fcndigung die Hamas als Verursacherin des heranbrechenden Krieges genannt, schon in dem zur Ver\u00f6ffentlichung empfohlenen Zitat an deren Ende werden allerdings Angreifer und Verteidiger, Hamas und israelischen Streitkr\u00e4fte v\u00f6llig \u00bbunparteiisch\u00ab und b\u00f6swillig gleichgesetzt. \u00bbIm Einklang mit dem humanit\u00e4ren V\u00f6lkerrecht sind die Kriegsparteien verpflichtet, Zivilisten zu sch\u00fctzen\u00ab, wird da unterschiedslos ermahnt.<\/p>\n<p>W\u00e4hrend Israel internationale Abkommen unterzeichnet hat, l\u00e4\u00dft sich das von den Islamisten der Hamas nicht sagen, sie sind kein Staat. Auf dieser Basis gilt der deshalb ganz und gar nicht freundliche Ratschlag Janez Lenar\u010di\u010ds, V\u00f6lkerrecht zu beachten, sogar allein Israel, dem Opfer einer beispiellosen Aggression. Mit ihrer Luftbr\u00fccke sendet die EU-Kommission die Botschaft aus, Israel verhalte sich falsch, mit ihrem Statement dazu unterstreicht sie sie.<\/p>\n","protected":false},"excerpt":{"rendered":"<p>Die Europ\u00e4ische Kommission hat eine Luftbr\u00fccke angek\u00fcndigt, \u00fcber die Gaza, wie es in einer Mitteilung hei\u00dft, mit \u00bblebensrettende[n] Hilfsg\u00fcter[n]\u00ab versorgt werden soll. Ihre Fracht soll \u00fcber \u00c4gypten \u00bbzu ausgew\u00e4hlten humanit\u00e4ren Organisationen vor Ort in Gaza\u00ab bef\u00f6rdert werden. Mit den ersten beiden Fl\u00fcgen bereits in dieser Woche k\u00fcndigte die Europ\u00e4ische Kommission eine Verdreifachung ihrer Hilfen auf [&hellip;]<\/p>\n","protected":false},"author":1,"featured_media":0,"comment_status":"open","ping_status":"open","sticky":false,"template":"","format":"standard","meta":{"footnotes":""},"categories":[2],"tags":[38,124,148,157,192,194,214,602,374,507],"class_list":["post-7618","post","type-post","status-publish","format-standard","hentry","category-allgemein","tag-antisemitismus","tag-europaeische-union","tag-gaza","tag-hamas","tag-islamismus","tag-israel","tag-jihadismus","tag-lawfare","tag-terrorismus","tag-ursula-von-der-leyen"],"_links":{"self":[{"href":"https:\/\/www.tw24.net\/index.php?rest_route=\/wp\/v2\/posts\/7618","targetHints":{"allow":["GET"]}}],"collection":[{"href":"https:\/\/www.tw24.net\/index.php?rest_route=\/wp\/v2\/posts"}],"about":[{"href":"https:\/\/www.tw24.net\/index.php?rest_route=\/wp\/v2\/types\/post"}],"author":[{"embeddable":true,"href":"https:\/\/www.tw24.net\/index.php?rest_route=\/wp\/v2\/users\/1"}],"replies":[{"embeddable":true,"href":"https:\/\/www.tw24.net\/index.php?rest_route=%2Fwp%2Fv2%2Fcomments&post=7618"}],"version-history":[{"count":1,"href":"https:\/\/www.tw24.net\/index.php?rest_route=\/wp\/v2\/posts\/7618\/revisions"}],"predecessor-version":[{"id":7619,"href":"https:\/\/www.tw24.net\/index.php?rest_route=\/wp\/v2\/posts\/7618\/revisions\/7619"}],"wp:attachment":[{"href":"https:\/\/www.tw24.net\/index.php?rest_route=%2Fwp%2Fv2%2Fmedia&parent=7618"}],"wp:term":[{"taxonomy":"category","embeddable":true,"href":"https:\/\/www.tw24.net\/index.php?rest_route=%2Fwp%2Fv2%2Fcategories&post=7618"},{"taxonomy":"post_tag","embeddable":true,"href":"https:\/\/www.tw24.net\/index.php?rest_route=%2Fwp%2Fv2%2Ftags&post=7618"}],"curies":[{"name":"wp","href":"https:\/\/api.w.org\/{rel}","templated":true}]}}