{"id":7658,"date":"2023-11-05T15:20:11","date_gmt":"2023-11-05T13:20:11","guid":{"rendered":"https:\/\/www.tw24.net\/?p=7658"},"modified":"2023-11-05T15:20:11","modified_gmt":"2023-11-05T13:20:11","slug":"bankrotterklaerung-5","status":"publish","type":"post","link":"https:\/\/www.tw24.net\/?p=7658","title":{"rendered":"Bankrotterkl\u00e4rung"},"content":{"rendered":"<p>Am 7. Oktober, vor vier Wochen, fielen islamistische Bestien in den S\u00fcden Israels ein, pl\u00fcndernd, vergewaltigend, folternd, auf b\u00f6sartigste Weise mordend. Keine Skrupel hatten sie, ihre Verbrechen zu filmen, um sich mit ihnen zu br\u00fcsten. Auch das Leid derer, die sie dorthin verschleppten, wo sie herkamen, die sie wie Troph\u00e4en dem jubelnden \u00bbPal\u00e4stinenser\u00ab-Mob vorf\u00fchrten, hielten sie fest, ihre Opfer damit lebenslang zu erniedrigen.<\/p>\n<p>Eines ihrer schmutzigen Filmchen zeigt einen von Gleichaltrigen umgebenen ver\u00e4ngstigten Knaben, der gar nicht wei\u00df wie ihm geschieht. \u00bbYahud\u00ab, krakeelen Stimmen, die eben noch die Gr\u00f6\u00dfe Allahs priesen, und die Kindermeute bedr\u00e4ngt den wehrlosen Knaben, pr\u00fcgelt auf ihn ein mit d\u00fcnnen Ruten. Wie wohl reagierte der beim \u00bbUN-Hochkommissariat f\u00fcr Menschenrechte\u00ab angesiedelte \u00bbAusschu\u00df f\u00fcr die Rechte des Kindes\u00ab?<\/p>\n<p>Erinnerte das in Genf sitzende Gremium der Vereinten Nationen \u00f6ffentlich daran, da\u00df Heranwachsende ein Recht haben auf eine Kindheit frei von Gewalterfahrungen, da\u00df Kinder ein Recht haben auf eine von Rassismus und Ha\u00df freie Erziehung? \u00c4u\u00dferten sie Abscheu \u00fcber die stolzen Erwachsenen, als die mit diesem und vielen weiteren die Zivilisation verh\u00f6hnenden Dokumenten ihres Barbarentums soziale Netzwerke fluteten?<\/p>\n<p>Nun, der 1990 gegr\u00fcndete \u00bbAusschu\u00df f\u00fcr die Rechte des Kindes\u00ab gab am 7. Oktober keinen Ton von sich, auch nicht am 8., 9., 10., 11. oder 12. Oktober. Weder lie\u00df er Empathie erkennen mit dem nach Gaza Verschleppten, noch emp\u00f6rte er sich \u00fcber jene, die ihre Kinder auf ihn hetzten. Erst am 13. Oktober ver\u00f6ffentlichte das Gremium eine <a href=\"https:\/\/www.ohchr.org\/sites\/default\/files\/documents\/hrbodies\/crc\/statements\/2023-10-12-stm-israel-palestine.pdf\">Stellungnahme<\/a>, ohne darin das Pogrom vom 7. Oktober zu benennen und die daf\u00fcr Verantwortlichen.<\/p>\n<p>Zwar erkl\u00e4ren die Autoren, \u00bbwir sind zutiefst besorgt \u00fcber den Massenmord an Dutzenden von Kindern im Kibbutz Kfar Aza und \u00fcber den Tod so vieler Kinder in Gaza bis zum 12. Oktober\u00ab, doch ihr tagelanges Schweigen dementiert zumindest den ersten Teil ihrer Behauptung. Es war eben nicht Entsetzen \u00fcber die bestialischen Verbrechen der Hamas, das sie zu ihrer Stellungnahme motivierte, sondern erst die Reaktion Israels darauf.<\/p>\n<p>Mit ihrer Pseudo\u00e4quidistanz wollen sie dar\u00fcber hinwegt\u00e4uschen, da\u00df ihnen gleichg\u00fcltig ist, was Juden am 7. Oktober angetan wurde, auch und gerade Babies und Kindern. Meldet <i>Wafa<\/i>, die amtliche \u00bbNachrichtenagentur\u00ab des Regimes in Ramallah, das Gremium h\u00e4tte \u00bbschwere Menschenrechtsverletzungen an Kindern im Gazastreifen durch die israelische Besatzung\u00ab <a href=\"https:\/\/english.wafa.ps\/Pages\/Details\/138921\">verurteilt<\/a>, ist das daher eine korrekte Interpretation der Erkl\u00e4rung.<\/p>\n<p>Ihr \u00bbAusschu\u00df f\u00fcr die Rechte des Kindes\u00ab ist dabei nur eines von vielen Beispielen daf\u00fcr, wie die Vereinten Nationen Juden und <i>den<\/i> j\u00fcdischen Staat besonders in diesen Tagen verraten, verleumden und d\u00e4monisieren. Und Mit Israel verraten sie Menschenrechte, Freiheit und Demokratie. Sie verspielt damit ihre Daseinsberechtigung, denn sie verh\u00f6hnt durch ihre Praxis jene Grundwerte, die zu verteidigen sie blo\u00df noch vorgibt.<\/p>\n","protected":false},"excerpt":{"rendered":"<p>Am 7. Oktober, vor vier Wochen, fielen islamistische Bestien in den S\u00fcden Israels ein, pl\u00fcndernd, vergewaltigend, folternd, auf b\u00f6sartigste Weise mordend. Keine Skrupel hatten sie, ihre Verbrechen zu filmen, um sich mit ihnen zu br\u00fcsten. Auch das Leid derer, die sie dorthin verschleppten, wo sie herkamen, die sie wie Troph\u00e4en dem jubelnden \u00bbPal\u00e4stinenser\u00ab-Mob vorf\u00fchrten, hielten [&hellip;]<\/p>\n","protected":false},"author":1,"featured_media":0,"comment_status":"open","ping_status":"open","sticky":false,"template":"","format":"standard","meta":{"footnotes":""},"categories":[2],"tags":[38,112,148,157,192,194,270,374,399],"class_list":["post-7658","post","type-post","status-publish","format-standard","hentry","category-allgemein","tag-antisemitismus","tag-double-standards","tag-gaza","tag-hamas","tag-islamismus","tag-israel","tag-menschenrechte","tag-terrorismus","tag-vereinte-nationen"],"_links":{"self":[{"href":"https:\/\/www.tw24.net\/index.php?rest_route=\/wp\/v2\/posts\/7658","targetHints":{"allow":["GET"]}}],"collection":[{"href":"https:\/\/www.tw24.net\/index.php?rest_route=\/wp\/v2\/posts"}],"about":[{"href":"https:\/\/www.tw24.net\/index.php?rest_route=\/wp\/v2\/types\/post"}],"author":[{"embeddable":true,"href":"https:\/\/www.tw24.net\/index.php?rest_route=\/wp\/v2\/users\/1"}],"replies":[{"embeddable":true,"href":"https:\/\/www.tw24.net\/index.php?rest_route=%2Fwp%2Fv2%2Fcomments&post=7658"}],"version-history":[{"count":1,"href":"https:\/\/www.tw24.net\/index.php?rest_route=\/wp\/v2\/posts\/7658\/revisions"}],"predecessor-version":[{"id":7659,"href":"https:\/\/www.tw24.net\/index.php?rest_route=\/wp\/v2\/posts\/7658\/revisions\/7659"}],"wp:attachment":[{"href":"https:\/\/www.tw24.net\/index.php?rest_route=%2Fwp%2Fv2%2Fmedia&parent=7658"}],"wp:term":[{"taxonomy":"category","embeddable":true,"href":"https:\/\/www.tw24.net\/index.php?rest_route=%2Fwp%2Fv2%2Fcategories&post=7658"},{"taxonomy":"post_tag","embeddable":true,"href":"https:\/\/www.tw24.net\/index.php?rest_route=%2Fwp%2Fv2%2Ftags&post=7658"}],"curies":[{"name":"wp","href":"https:\/\/api.w.org\/{rel}","templated":true}]}}