{"id":7845,"date":"2024-01-08T14:58:08","date_gmt":"2024-01-08T12:58:08","guid":{"rendered":"https:\/\/www.tw24.net\/?p=7845"},"modified":"2024-01-08T14:58:08","modified_gmt":"2024-01-08T12:58:08","slug":"entwicklungshelferin","status":"publish","type":"post","link":"https:\/\/www.tw24.net\/?p=7845","title":{"rendered":"Entwicklungshelferin"},"content":{"rendered":"<p>Am Nachmittag wird Annalena Baerbock, die deutsche Au\u00dfenministerin, im Rahmen ihrer j\u00fcngsten Nahost-Reise in Ramallah zu Gespr\u00e4chen mit Repr\u00e4sentanten des PLO-Regimes erwartet. Hat sie sich zuvor, wie es deutsche Medien <a href=\"https:\/\/www.merkur.de\/politik\/baerbock-besucht-palaestinenser-dorf-im-westjordanland-zr-92763353.html\">formulieren<\/a>, bei einem Besuch \u00bbeine[r] Gemeinde, in deren N\u00e4he es israelische Siedlungen gibt\u00ab, \u00bb\u00fcber die Lage der Pal\u00e4stinenser informiert\u00ab, will sie in Ramallah f\u00fcr \u00bbeine Zwei-Staaten-L\u00f6sung\u00ab <a href=\"https:\/\/www.auswaertiges-amt.de\/de\/newsroom\/-\/2639352\">werben<\/a>.<\/p>\n<p>Die in Ramallah herrschende Clique um \u00bbPal\u00e4stinenserpr\u00e4sident\u00ab Abu Mazen macht derzeit freilich nicht mit Bekenntnissen zu einer friedlichen Koexistenz \u00bbPal\u00e4stinas\u00ab neben Israel auf sich aufmerksam, sondern mit Avancen an Hamas und Islamic Jihad, islamistische Terrororganisationen, die als Teil der von Teheran gelenkten \u00bbAchse des Widerstands\u00ab seit dem 7. Oktober 2023 einen Krieg mit dem erkl\u00e4rten Ziel der Vernichtung Israels f\u00fchren.<\/p>\n<p>Jibril Rajoub, der \u00bbGeneralsekret\u00e4r\u00ab des Zentralkomitees der Fatah, der gr\u00f6\u00dften \u00bbFraktion\u00ab der terroristischen PLO, <a href=\"https:\/\/palwatch.org\/page\/34904\">erkl\u00e4rte<\/a> erst vor gut zwei Wochen, \u00bbwir sch\u00e4tzen den politischen Islam und vor allem die Hamas-Bewegung als Teil unseres Kampfes und unseres politischen und sozialen Grundger\u00fcsts\u00ab, und bekannte sich damit auch und gerade zu den bestialischen Verbrechen der Islamisten, barbarischen Vergewaltigungen und Morden.<\/p>\n<p>Und nur folgerichtig hofft die \u00bbPal\u00e4stinenserf\u00fchrung\u00ab auf eine Nachkriegsordnung in Gaza, in der sie dort gemeinsam mit Hamas und deren Verb\u00fcndeten herrscht, nicht etwa an deren Stelle. Wollte Annalena Baerbock tats\u00e4chlich einen Beitrag zu einer friedlicheren Zukunft leisten, sagte sie deshalb ihre Visite ab oder, sollte das nicht mehr m\u00f6glich sein, k\u00fcndigte dort die sofortige Einstellung deutscher Entwicklungshilfen f\u00fcr \u00bbPal\u00e4stina\u00ab an.<\/p>\n<p>Denn es liegt auf der Hand, da\u00df es mit einer Hamas keinen Frieden geben kann, da\u00df aber auch mit einer Fatah, die sich nicht von deren Zielen und Methoden distanziert, sondern sie ganz ausdr\u00fccklich glorifiziert, ein nachhaltiger Frieden unm\u00f6glich ist. Eine \u00bbPal\u00e4stinenserf\u00fchrung\u00ab, die sich nicht zum Existenzrecht Israels bekennt und sich nicht glaubw\u00fcrdig von terroristischer Gewalt gegen Juden lossagt, verdient nicht die geringste Unterst\u00fctzung.<\/p>\n<p>Als bedeutendes, wahrscheinlich bedeutendstes, Geberland \u00bbPal\u00e4stinas\u00ab ist Deutschland mitverantwortlich f\u00fcr das, was dort, in Ramallah ebenso wie in Gaza, angerichtet wird, f\u00fcr die Verbreitung von Antisemitismus, f\u00fcr den massenm\u00f6rderischen \u00bbM\u00e4rtyrer\u00ab-Kult, den Hamas und Fatah pflegen, und all dessen Folgen. Es w\u00e4re \u00fcberf\u00e4llig, dieses so verheerende Engagement zu beenden, statt immer wieder die falschen Kr\u00e4fte zu legitimieren und zu st\u00e4rken.<\/p>\n","protected":false},"excerpt":{"rendered":"<p>Am Nachmittag wird Annalena Baerbock, die deutsche Au\u00dfenministerin, im Rahmen ihrer j\u00fcngsten Nahost-Reise in Ramallah zu Gespr\u00e4chen mit Repr\u00e4sentanten des PLO-Regimes erwartet. Hat sie sich zuvor, wie es deutsche Medien formulieren, bei einem Besuch \u00bbeine[r] Gemeinde, in deren N\u00e4he es israelische Siedlungen gibt\u00ab, \u00bb\u00fcber die Lage der Pal\u00e4stinenser informiert\u00ab, will sie in Ramallah f\u00fcr \u00bbeine [&hellip;]<\/p>\n","protected":false},"author":1,"featured_media":0,"comment_status":"open","ping_status":"open","sticky":false,"template":"","format":"standard","meta":{"footnotes":""},"categories":[2],"tags":[16,906,49,78,102,519,130,148,157,192,194,213,313,374],"class_list":["post-7845","post","type-post","status-publish","format-standard","hentry","category-allgemein","tag-abu-mazen","tag-annalena-baerbock","tag-auswaertiges-amt","tag-buendnis-90-die-gruenen","tag-deutschland","tag-entwicklungshilfe","tag-fatah","tag-gaza","tag-hamas","tag-islamismus","tag-israel","tag-jibril-rajoub","tag-plo","tag-terrorismus"],"_links":{"self":[{"href":"https:\/\/www.tw24.net\/index.php?rest_route=\/wp\/v2\/posts\/7845","targetHints":{"allow":["GET"]}}],"collection":[{"href":"https:\/\/www.tw24.net\/index.php?rest_route=\/wp\/v2\/posts"}],"about":[{"href":"https:\/\/www.tw24.net\/index.php?rest_route=\/wp\/v2\/types\/post"}],"author":[{"embeddable":true,"href":"https:\/\/www.tw24.net\/index.php?rest_route=\/wp\/v2\/users\/1"}],"replies":[{"embeddable":true,"href":"https:\/\/www.tw24.net\/index.php?rest_route=%2Fwp%2Fv2%2Fcomments&post=7845"}],"version-history":[{"count":1,"href":"https:\/\/www.tw24.net\/index.php?rest_route=\/wp\/v2\/posts\/7845\/revisions"}],"predecessor-version":[{"id":7846,"href":"https:\/\/www.tw24.net\/index.php?rest_route=\/wp\/v2\/posts\/7845\/revisions\/7846"}],"wp:attachment":[{"href":"https:\/\/www.tw24.net\/index.php?rest_route=%2Fwp%2Fv2%2Fmedia&parent=7845"}],"wp:term":[{"taxonomy":"category","embeddable":true,"href":"https:\/\/www.tw24.net\/index.php?rest_route=%2Fwp%2Fv2%2Fcategories&post=7845"},{"taxonomy":"post_tag","embeddable":true,"href":"https:\/\/www.tw24.net\/index.php?rest_route=%2Fwp%2Fv2%2Ftags&post=7845"}],"curies":[{"name":"wp","href":"https:\/\/api.w.org\/{rel}","templated":true}]}}