{"id":7943,"date":"2024-02-13T11:44:21","date_gmt":"2024-02-13T09:44:21","guid":{"rendered":"https:\/\/www.tw24.net\/?p=7943"},"modified":"2024-02-13T11:44:21","modified_gmt":"2024-02-13T09:44:21","slug":"fratze-europas","status":"publish","type":"post","link":"https:\/\/www.tw24.net\/?p=7943","title":{"rendered":"Fratze Europas"},"content":{"rendered":"<p>Joesep Borrell Fontelles, der Hohe Au\u00dfenbeauftragte der EU, hat nach einem Treffen mit Philippe Lazzarini, dem Chef der ber\u00fcchtigten UNRWA, die Arbeit des \u00bbHilfswerks der Vereinten Nationen f\u00fcr Pal\u00e4stina-Fl\u00fcchtlinge im Nahen Osten\u00ab <a href=\"https:\/\/www.eeas.europa.eu\/eeas\/informal-foreign-affairs-council-development-remarks-high-representative-josep-borrell-press_en\">gelobt<\/a> und das israelische Vorgehen gegen die Hamas kritisiert. Dabei erneuerte der Chef des Ausw\u00e4rtigen Diensts der EU seine <a href=\"https:\/\/www.eeas.europa.eu\/eeas\/informal-foreign-affairs-council-development-press-remarks-high-representative-josep-borrell-upon-1_en\">Forderung<\/a> an Washington, amerikanische Waffenlieferungen nach Israel <a href=\"https:\/\/www.tagesspiegel.de\/internationales\/wenn-es-sich-um-ein-gemetzel-handelt-eu-aussenbeauftragter-borrell-stellt-waffenlieferungen-an-israel-infrage-11202145.html\">auszusetzen<\/a>.<\/p>\n<p>Es ist inzwischen m\u00fc\u00dfig, Gedanken an die Frage zu verschwenden, ob Joesep Borrell Fontelles ein Antisemit ist. Die hat er, sp\u00e4testens beginnend mit seinen <a href=\"https:\/\/www.timesofisrael.com\/top-eu-diplomat-delaying-key-israel-meeting-over-abu-akleh-killing-official\/\">Intrigen<\/a> zur Verhinderung eines Treffens des Assoziationsrats EU-Israel im Fr\u00fchsommer 2022, l\u00e4ngst hinreichend deutlich beantwortet. Sein gemeinsamer Auftritt mit dem \u00bbCommissioner-General\u00ab einer Organisation, die <a href=\"https:\/\/www.jpost.com\/israel-hamas-war\/article-786447\">tief<\/a> in antisemitischen Terror <a href=\"https:\/\/www.jpost.com\/israel-hamas-war\/article-786643\">verstrickt<\/a> ist, ist da blo\u00df ein weiterer H\u00f6hepunkt.<\/p>\n<p>Die Frage allerdings ist, wie lange noch die Europ\u00e4ische Union sich durch Joesep Borrell Fontelles repr\u00e4sentieren, wie lange noch Ursula von der Leyen, die Pr\u00e4sidentin der Europ\u00e4ischen Kommission, ihren Stellvertreter gew\u00e4hren lassen will. Denn mit seinen Ausf\u00e4llen, so <a href=\"https:\/\/www.bild.de\/politik\/ausland\/politik-ausland\/hamas-selbst-erschaffen-eu-chef-diplomat-leistet-sich-neue-israel-entgleisung-86849556.bild.html\">erkl\u00e4rte<\/a> er erst j\u00fcngst die Hamas zu einer Sch\u00f6pfung Israels, besch\u00e4digt er nicht allein sein Amt, sondern gibt das Ansehen und die Glaubw\u00fcrdigkeit Europas der L\u00e4cherlichkeit preis.<\/p>\n<p>Da\u00df es Joesep Borrell Fontelles, wie er nicht m\u00fcde wird zu behaupten, um Menschen geht, ist eine dreiste L\u00fcge. Wer eine Organisation wie die UNRWA legitimiert, obgleich deren durch und durch antiisraelischer Charakter sp\u00e4testens seit dem 7. Oktober 2023 nicht mehr zu leugnen ist und deren Kumpanei selbst mit massenm\u00f6rderischen Regimes wie dem in Damaskus doch nie ein Geheimnis war, setzt sich nicht ein f\u00fcr Menschenrechte, sondern verr\u00e4t sie.<\/p>\n<p>Auch hinter Joesep Borrell Fontelles\u2019 an Washington gerichteten Forderung, die amerikanische R\u00fcstungszusammenarbeit mit Israel einzuschr\u00e4nken, kann keine Menschenfreundlichkeit stecken: Gibt es keine europ\u00e4ischen Unternehmen, die Israel Waffen und Munition liefern? Weshalb verurteilt der Hohe Au\u00dfenbeauftragte nicht die niederl\u00e4ndische Regierung, die ein <a href=\"https:\/\/www.timesofisrael.com\/court-orders-netherlands-to-stop-f-35-parts-delivery-to-israel-over-war-on-hamas\/\">Gerichtsurteil<\/a> <a href=\"https:\/\/www.government.nl\/latest\/news\/2024\/02\/12\/state-lodges-appeal-in-cassation-against-judgment-on-distribution-of-f-35-parts-to-israel\">anfechten<\/a> will, das den Export von Kampfjet-Teilen nach Israel verbietet?<\/p>\n<p>Und hier dr\u00e4ngt sich dann auch die Frage auf, f\u00fcr wen Joesep Borrell Fontelles \u00fcberhaupt spricht: Die Niederlande sind Teil der Europ\u00e4ischen Union. Und die Regierung in Den Haag h\u00e4lt richtigerweise erkennbar wenig davon, ihre Kooperation mit Jerusalem wegen des israelischen Vorgehens gegen die Hamas einzuschr\u00e4nken. Es ist <i>jetzt<\/i> an der EU, an ihren Mitgliedern, Joesep Borrell Fontelles\u2019 antisemitischer Arroganz einen Riegel vorzuschieben.<\/p>\n","protected":false},"excerpt":{"rendered":"<p>Joesep Borrell Fontelles, der Hohe Au\u00dfenbeauftragte der EU, hat nach einem Treffen mit Philippe Lazzarini, dem Chef der ber\u00fcchtigten UNRWA, die Arbeit des \u00bbHilfswerks der Vereinten Nationen f\u00fcr Pal\u00e4stina-Fl\u00fcchtlinge im Nahen Osten\u00ab gelobt und das israelische Vorgehen gegen die Hamas kritisiert. Dabei erneuerte der Chef des Ausw\u00e4rtigen Diensts der EU seine Forderung an Washington, amerikanische [&hellip;]<\/p>\n","protected":false},"author":1,"featured_media":0,"comment_status":"open","ping_status":"open","sticky":false,"template":"","format":"standard","meta":{"footnotes":""},"categories":[2],"tags":[37,38,68,120,124,148,157,192,194,560,374,389,399],"class_list":["post-7943","post","type-post","status-publish","format-standard","hentry","category-allgemein","tag-antiamerikanismus","tag-antisemitismus","tag-bigotterie","tag-eu","tag-europaeische-union","tag-gaza","tag-hamas","tag-islamismus","tag-israel","tag-josep-borrell-fontelles","tag-terrorismus","tag-unrwa","tag-vereinte-nationen"],"_links":{"self":[{"href":"https:\/\/www.tw24.net\/index.php?rest_route=\/wp\/v2\/posts\/7943","targetHints":{"allow":["GET"]}}],"collection":[{"href":"https:\/\/www.tw24.net\/index.php?rest_route=\/wp\/v2\/posts"}],"about":[{"href":"https:\/\/www.tw24.net\/index.php?rest_route=\/wp\/v2\/types\/post"}],"author":[{"embeddable":true,"href":"https:\/\/www.tw24.net\/index.php?rest_route=\/wp\/v2\/users\/1"}],"replies":[{"embeddable":true,"href":"https:\/\/www.tw24.net\/index.php?rest_route=%2Fwp%2Fv2%2Fcomments&post=7943"}],"version-history":[{"count":1,"href":"https:\/\/www.tw24.net\/index.php?rest_route=\/wp\/v2\/posts\/7943\/revisions"}],"predecessor-version":[{"id":7944,"href":"https:\/\/www.tw24.net\/index.php?rest_route=\/wp\/v2\/posts\/7943\/revisions\/7944"}],"wp:attachment":[{"href":"https:\/\/www.tw24.net\/index.php?rest_route=%2Fwp%2Fv2%2Fmedia&parent=7943"}],"wp:term":[{"taxonomy":"category","embeddable":true,"href":"https:\/\/www.tw24.net\/index.php?rest_route=%2Fwp%2Fv2%2Fcategories&post=7943"},{"taxonomy":"post_tag","embeddable":true,"href":"https:\/\/www.tw24.net\/index.php?rest_route=%2Fwp%2Fv2%2Ftags&post=7943"}],"curies":[{"name":"wp","href":"https:\/\/api.w.org\/{rel}","templated":true}]}}